{"id":7284,"date":"2019-04-28T07:02:02","date_gmt":"2019-04-28T07:02:02","guid":{"rendered":"http:\/\/finnmarksarkivene.no\/?p=7284"},"modified":"2019-09-17T12:44:01","modified_gmt":"2019-09-17T12:44:01","slug":"vi-er-ogsa-her-finnmarksarkivenes-prosjekt-om-glemte-grupper-2","status":"publish","type":"post","link":"https:\/\/finnmarksarkivene.no\/?p=7284","title":{"rendered":"\u00abVi er ogs\u00e5 her!\u00bb &#8211; Finnmarksarkivenes prosjekt om glemte grupper"},"content":{"rendered":"<p><strong>Det skjer noe magisk n\u00e5r en gruppe engasjerte mennesker med samme interesse m\u00f8tes. Kontakter opprettes, tanker utveksles, spennende prosjekter f\u00f8des og settes i gang. \u00a0Prosjektet \u00abVi er ogs\u00e5 her! Synliggj\u00f8ring av glemte grupper\u00bb er et resultat av slike m\u00f8ter. <\/strong><\/p>\n<p><!--more--><\/p>\n<p><em>Av Helena Maliniemi fra Finnmark fylkesbibliotek, Grete Gunn Bergstr\u00f8m fra Samisk arkiv, Gunnhild Engstad fra IKA Finnmark IKS og Svein-Olaf Nilssen\/Solbj\u00f8rg Ellingsen Fossheim fra Statsarkivet i Troms\u00f8<\/em><\/p>\n<p>Med godt teamarbeid, jungeltelegrafen, medier og ikke minst Kulturr\u00e5dets st\u00f8tte ble en stor mengde f\u00f8rsteh\u00e5ndskilder om fem viktige grupper i Finnmark samlet inn. N\u00e5 skal arkivene formidles. Hva dreier prosjektet seg egentlig om?<\/p>\n<div id=\"attachment_7172\" style=\"width: 910px\" class=\"wp-caption aligncenter\"><a href=\"https:\/\/finnmarksarkivene.no\/wp-content\/uploads\/2019\/03\/Bilder-fra-kvinnegruppa.jpg\"><img aria-describedby=\"caption-attachment-7172\" loading=\"lazy\" class=\"size-large wp-image-7172\" src=\"https:\/\/finnmarksarkivene.no\/wp-content\/uploads\/2019\/03\/Bilder-fra-kvinnegruppa-1024x724.jpg\" alt=\"\" width=\"900\" height=\"636\" srcset=\"https:\/\/finnmarksarkivene.no\/wp-content\/uploads\/2019\/03\/Bilder-fra-kvinnegruppa-1024x724.jpg 1024w, https:\/\/finnmarksarkivene.no\/wp-content\/uploads\/2019\/03\/Bilder-fra-kvinnegruppa-300x212.jpg 300w, https:\/\/finnmarksarkivene.no\/wp-content\/uploads\/2019\/03\/Bilder-fra-kvinnegruppa-768x543.jpg 768w\" sizes=\"(max-width: 900px) 100vw, 900px\" \/><\/a><p id=\"caption-attachment-7172\" class=\"wp-caption-text\">Nyinnvandreres egne arkiver er mangelvare i depotene. Vi trenger autentiske og prim\u00e6re kilder som gjenspeiler at Finnmark er blitt enda mer flerkulturelt enn f\u00f8r. Bildet er fra Inger Bergmos flyktningarkiv ved Finnmark fylkesbibliotek.<\/p><\/div>\n<p>Det oppbevares kilometer med hyller med privatarkiver fra Finnmark ved Finnmark fylkesbibliotek, Samisk arkiv, Interkommunalt arkiv Finnmark, de fem Finnmarksmuseene med sine avdelinger og Statsarkivet i Troms\u00f8. Disse institusjonene utgj\u00f8r det arkivfaglige nettverket Finnmarksarkivene, som koordineres av Finnmark fylkesbibliotek.<\/p>\n<p>Analyser av Finnmarksarkivenes samlinger viser at det finnes grupper med mennesker som har blitt glemt og usynlige, grupper som faktisk er sentrale i Finnmarks samfunnsliv og historie. Slike grupper er:<\/p>\n<ul>\n<li>\u00f8stsamer\/skoltesamer<\/li>\n<li>fiskerb\u00f8nder i kvenske og sj\u00f8samiske omr\u00e5der<\/li>\n<li>flyttsamisk reindrift<\/li>\n<li>utenlandske minoriteter<\/li>\n<li>kvinner i disse gruppene<\/li>\n<\/ul>\n<p>Skoltesamene var den mest glemte gruppen \u2013 uten noen spor i privatarkivene.<\/p>\n<div id=\"attachment_7168\" style=\"width: 766px\" class=\"wp-caption aligncenter\"><a href=\"https:\/\/finnmarksarkivene.no\/wp-content\/uploads\/2019\/03\/Skoltekvinne-Foto-Ellisif-Wessel.jpg\"><img aria-describedby=\"caption-attachment-7168\" loading=\"lazy\" class=\"size-large wp-image-7168\" src=\"https:\/\/finnmarksarkivene.no\/wp-content\/uploads\/2019\/03\/Skoltekvinne-Foto-Ellisif-Wessel-756x1024.jpg\" alt=\"\" width=\"756\" height=\"1024\" srcset=\"https:\/\/finnmarksarkivene.no\/wp-content\/uploads\/2019\/03\/Skoltekvinne-Foto-Ellisif-Wessel-756x1024.jpg 756w, https:\/\/finnmarksarkivene.no\/wp-content\/uploads\/2019\/03\/Skoltekvinne-Foto-Ellisif-Wessel-221x300.jpg 221w, https:\/\/finnmarksarkivene.no\/wp-content\/uploads\/2019\/03\/Skoltekvinne-Foto-Ellisif-Wessel-768x1040.jpg 768w\" sizes=\"(max-width: 756px) 100vw, 756px\" \/><\/a><p id=\"caption-attachment-7168\" class=\"wp-caption-text\">Skoltekvinne. Foto er fra Ellisif Wessels fotoarkiv ved Grenselandmuseet<\/p><\/div>\n<p><strong>Alle har rett til en fortid<br \/>\n<\/strong>Arkivarenes sentrale samfunnsoppdrag er \u00e5 verne og sikre en viktig del av v\u00e5r felles hukommelse og samfunnets historie. Den mest kritiske fasen er \u00e5 velge ut arkivene som skal bevares for ettertiden. Hva vi velger f\u00e5r f\u00f8lger for hva fremtiden f\u00e5r vite om fortiden: hvem som vil ha en stemme og hvem som vil bli glemt, usynliggjort og fortiet. Dette gjelder i h\u00f8yeste grad privatarkiver, hvor bevaring ikke er lovfestet som for offentlige arkiver.<\/p>\n<div id=\"attachment_7157\" style=\"width: 650px\" class=\"wp-caption aligncenter\"><a href=\"https:\/\/finnmarksarkivene.no\/wp-content\/uploads\/2019\/03\/Alta-russiske-forening-.jpg\"><img aria-describedby=\"caption-attachment-7157\" loading=\"lazy\" class=\"size-full wp-image-7157\" src=\"https:\/\/finnmarksarkivene.no\/wp-content\/uploads\/2019\/03\/Alta-russiske-forening-.jpg\" alt=\"\" width=\"640\" height=\"480\" srcset=\"https:\/\/finnmarksarkivene.no\/wp-content\/uploads\/2019\/03\/Alta-russiske-forening-.jpg 640w, https:\/\/finnmarksarkivene.no\/wp-content\/uploads\/2019\/03\/Alta-russiske-forening--300x225.jpg 300w\" sizes=\"(max-width: 640px) 100vw, 640px\" \/><\/a><p id=\"caption-attachment-7157\" class=\"wp-caption-text\">Alta russisk forening ble stiftet i 2010. Foreningen har avlevert \u00e9n \u00e5rsberetning, korrespondanse og en hel del bilder fra arrangementene sine. Foreningen har en egen Facebook-gruppe der de legger ut informasjon om arrangementer, bilder og annet relevant materiale. Foto er fra foreningens arkiv.<\/p><\/div>\n<p>M\u00e5let v\u00e5rt var \u00e5 samle inn arkiver som var skapt av de utvalgte gruppene, alt fra forenings- og bedriftsarkiver til personlige dokumenter. Materialet skulle dokumentere gruppenes liv og virksomhet sett fra deres egne st\u00e5sted.<\/p>\n<div id=\"attachment_7155\" style=\"width: 860px\" class=\"wp-caption aligncenter\"><a href=\"https:\/\/finnmarksarkivene.no\/wp-content\/uploads\/2019\/03\/Bilde-1.-Ida-avfotograferer-protokoller-foto-Sonja-Siltala.jpg\"><img aria-describedby=\"caption-attachment-7155\" loading=\"lazy\" class=\"size-full wp-image-7155\" src=\"https:\/\/finnmarksarkivene.no\/wp-content\/uploads\/2019\/03\/Bilde-1.-Ida-avfotograferer-protokoller-foto-Sonja-Siltala.jpg\" alt=\"\" width=\"850\" height=\"638\" srcset=\"https:\/\/finnmarksarkivene.no\/wp-content\/uploads\/2019\/03\/Bilde-1.-Ida-avfotograferer-protokoller-foto-Sonja-Siltala.jpg 850w, https:\/\/finnmarksarkivene.no\/wp-content\/uploads\/2019\/03\/Bilde-1.-Ida-avfotograferer-protokoller-foto-Sonja-Siltala-300x225.jpg 300w, https:\/\/finnmarksarkivene.no\/wp-content\/uploads\/2019\/03\/Bilde-1.-Ida-avfotograferer-protokoller-foto-Sonja-Siltala-768x576.jpg 768w\" sizes=\"(max-width: 850px) 100vw, 850px\" \/><\/a><p id=\"caption-attachment-7155\" class=\"wp-caption-text\">Ida Kjeilen Thuv avfotograferer skadet arkivmateriale p\u00e5 det gamle Finotro-bruket i<br \/>B\u00e5tsfjord. Arkivmaterialet som lot seg redde oppbevares ved Finnmark fylkesbibliotek. Foto: Sonja Siltala.<\/p><\/div>\n<p><strong>Innsamlingen<br \/>\n<\/strong>Med Kulturr\u00e5dets st\u00f8tte ble to prosjektarbeidere ansatt i tre m\u00e5neder: Ida Kjeilen Thuv hadde base p\u00e5 Finnmark fylkesbibliotek, mens Anne Karen H\u00e6tta Bals var p\u00e5 Samisk arkiv i Kautokeino. Disse to dannet et meget godt team! Innsamlingen resulterte i at det kom inn over 60 arkiver og flere tusen fotografier. Og ikke minst, nye avleveringer ble initiert. Alle disse dokumenterte mer eller mindre de utvalgte gruppene. Flere personer hvis aktuelle arkiv hadde g\u00e5tt tapt, ble ogs\u00e5 intervjuet og fotografert.<\/p>\n<div id=\"attachment_7156\" style=\"width: 730px\" class=\"wp-caption aligncenter\"><a href=\"https:\/\/finnmarksarkivene.no\/wp-content\/uploads\/2019\/03\/Bilde-2.-Anne-Karen-tar-i-mot-arkivet-Karasjok-flyttsamelag.-Foto-Grete-Gunn-Bergstr\u00f8m.jpg\"><img aria-describedby=\"caption-attachment-7156\" loading=\"lazy\" class=\"size-full wp-image-7156\" src=\"https:\/\/finnmarksarkivene.no\/wp-content\/uploads\/2019\/03\/Bilde-2.-Anne-Karen-tar-i-mot-arkivet-Karasjok-flyttsamelag.-Foto-Grete-Gunn-Bergstr\u00f8m.jpg\" alt=\"\" width=\"720\" height=\"960\" srcset=\"https:\/\/finnmarksarkivene.no\/wp-content\/uploads\/2019\/03\/Bilde-2.-Anne-Karen-tar-i-mot-arkivet-Karasjok-flyttsamelag.-Foto-Grete-Gunn-Bergstr\u00f8m.jpg 720w, https:\/\/finnmarksarkivene.no\/wp-content\/uploads\/2019\/03\/Bilde-2.-Anne-Karen-tar-i-mot-arkivet-Karasjok-flyttsamelag.-Foto-Grete-Gunn-Bergstr\u00f8m-225x300.jpg 225w\" sizes=\"(max-width: 720px) 100vw, 720px\" \/><\/a><p id=\"caption-attachment-7156\" class=\"wp-caption-text\">Anne Karen H\u00e6tta gj\u00f8r avtale med sekret\u00e6ren for Karasjok flyttsamelag, Johannes Mathis Anti, om arkivavlevering til Samisk arkiv. Foto: Grete Gunn Bergstr\u00f8m \/ S\u00e1mi arkiiva &#8211; arkivverket.<\/p><\/div>\n<p><strong>Skoltesamiske arkiver<br \/>\n<\/strong>Arkivene fra \u00f8stsamisk tilstedev\u00e6relse og virksomhet som vi fant i prosjektet var 1) arkiver etter privatpersoner som har \u00f8stsamiske aner og driver n\u00e6ringsvirksomhet delvis knyttet til dette eller driver med revitaliseringsprosjekter 2) samiske foreninger som har inkludert arbeid med \u00f8stsamiske problemstillinger i S\u00f8r-Varanger, 3) foreninger og prosjekter som har drevet med samisk kulturelt arbeid og revitalisering, inkludert \u00f8stsamisk kultur.<\/p>\n<div id=\"attachment_7174\" style=\"width: 910px\" class=\"wp-caption aligncenter\"><a href=\"https:\/\/finnmarksarkivene.no\/wp-content\/uploads\/2019\/03\/julekort014.jpg\"><img aria-describedby=\"caption-attachment-7174\" loading=\"lazy\" class=\"size-large wp-image-7174\" src=\"https:\/\/finnmarksarkivene.no\/wp-content\/uploads\/2019\/03\/julekort014-1024x498.jpg\" alt=\"\" width=\"900\" height=\"438\" srcset=\"https:\/\/finnmarksarkivene.no\/wp-content\/uploads\/2019\/03\/julekort014-1024x498.jpg 1024w, https:\/\/finnmarksarkivene.no\/wp-content\/uploads\/2019\/03\/julekort014-300x146.jpg 300w, https:\/\/finnmarksarkivene.no\/wp-content\/uploads\/2019\/03\/julekort014-768x374.jpg 768w\" sizes=\"(max-width: 900px) 100vw, 900px\" \/><\/a><p id=\"caption-attachment-7174\" class=\"wp-caption-text\">Frans Hallonens arkiv inneholder ogs\u00e5 en omfattende postkortserie.<\/p><\/div>\n<p><strong>Fiskerbondearkiver<br \/>\n<\/strong>To arkiver fra kombinasjonsn\u00e6ringen fiske\/arktisk landbruk fant vi i de sj\u00f8samiske kommunene Nesseby og Tana. Begge arkivene viser utviklingsarbeid og innovasjon som familiene har gjort p\u00e5 g\u00e5rdene sine og hvordan de slik har bidratt til n\u00e6ringsutvikling i sine kommuner. Vi fikk bekreftet i l\u00f8pet av prosjektet at det finnes flere fiskerbondearkiver rundt omkring i Finnmark, s\u00e6rlig i Porsanger og Kvalsund.<\/p>\n<div id=\"attachment_7175\" style=\"width: 910px\" class=\"wp-caption aligncenter\"><a href=\"https:\/\/finnmarksarkivene.no\/wp-content\/uploads\/2019\/03\/Perlarsenvik-Hesjing-2014.jpg\"><img aria-describedby=\"caption-attachment-7175\" loading=\"lazy\" class=\"size-large wp-image-7175\" src=\"https:\/\/finnmarksarkivene.no\/wp-content\/uploads\/2019\/03\/Perlarsenvik-Hesjing-2014-1024x768.jpg\" alt=\"\" width=\"900\" height=\"675\" srcset=\"https:\/\/finnmarksarkivene.no\/wp-content\/uploads\/2019\/03\/Perlarsenvik-Hesjing-2014-1024x768.jpg 1024w, https:\/\/finnmarksarkivene.no\/wp-content\/uploads\/2019\/03\/Perlarsenvik-Hesjing-2014-300x225.jpg 300w, https:\/\/finnmarksarkivene.no\/wp-content\/uploads\/2019\/03\/Perlarsenvik-Hesjing-2014-768x576.jpg 768w\" sizes=\"(max-width: 900px) 100vw, 900px\" \/><\/a><p id=\"caption-attachment-7175\" class=\"wp-caption-text\">Familien Kristiansens g\u00e5rdsbruk p\u00e5 Perlarsenvik i Nesseby. Foto: Ida Kjeilen Thuv\/Finnmark fylkesbibliotek.<\/p><\/div>\n<p><strong>Reindriftsarkiver<br \/>\n<\/strong>Fra reindriften har vi f\u00e5tt inn arkiver fra lag og foreninger, bedrifter, reinbeitedistrikter, flyttesoner, en barnehage og privatpersoner. Blant annet er arkivet fra Norges eldste lokallag av NRL, K\u00e1r\u00e1\u0161joga Johttis\u00e1miid Searvi, n\u00e5 levert til Samisk arkiv. Laget hadde klart \u00e5 bevare til og med de eldste m\u00f8teb\u00f8kene var fra 1949 da laget ble dannet. Dette er selvagt ikke et hvilket som helst lokallag, kan man si, da nettopp Karasjok er et sv\u00e6rt tradisjonssrikt vinterbosted der en stor tyngde av innbyggerne i kommunen er reineiere. Ogs\u00e5 deler av arkivet til Buolbm\u00e1t Johttiid S\u00e1miid Searvi kom inn. Et viktig resultat av prosjektet er at de ulike reinbeitedistriktene har begynt \u00e5 levere sine arkiver til Samisk arkiv i stedet for \u00e5 flytte dem fra kontorsted til kontorsted.<\/p>\n<div id=\"attachment_7159\" style=\"width: 910px\" class=\"wp-caption aligncenter\"><a href=\"https:\/\/finnmarksarkivene.no\/wp-content\/uploads\/2019\/03\/Henrik-\u00d8sted-2.jpg\"><img aria-describedby=\"caption-attachment-7159\" loading=\"lazy\" class=\"wp-image-7159 size-large\" src=\"https:\/\/finnmarksarkivene.no\/wp-content\/uploads\/2019\/03\/Henrik-\u00d8sted-2-1024x716.jpg\" alt=\"\" width=\"900\" height=\"629\" srcset=\"https:\/\/finnmarksarkivene.no\/wp-content\/uploads\/2019\/03\/Henrik-\u00d8sted-2-1024x716.jpg 1024w, https:\/\/finnmarksarkivene.no\/wp-content\/uploads\/2019\/03\/Henrik-\u00d8sted-2-300x210.jpg 300w, https:\/\/finnmarksarkivene.no\/wp-content\/uploads\/2019\/03\/Henrik-\u00d8sted-2-768x537.jpg 768w\" sizes=\"(max-width: 900px) 100vw, 900px\" \/><\/a><p id=\"caption-attachment-7159\" class=\"wp-caption-text\">Et viktig resultat av prosjektet er at de ulike akt\u00f8rene innen reindrift har begynt \u00e5 levere sine arkiver til Samisk arkiv. Foto: Henrik \u00d8rsteds fotoarkiv ved Finnmark fylkesbibliotek<\/p><\/div>\n<p>Det er ogs\u00e5 verdt \u00e5 nevne at flere arkiver etter aktive foregangskvinner innen reindrift som representerer ulike kvinnelige tilpasninger enten som reineiere, entrepren\u00f8rer eller reindriftsforvaltere \u2013 ogs\u00e5 skillet fra ul\u00f8nnet og l\u00f8nnet arbeid &#8211; n\u00e5 er sikret.<\/p>\n<p><strong>Arkiver fra utenlandske minoriteter<br \/>\n<\/strong>Det finnes mange foreninger i Finnmark som er stiftet av utenlandske minoriteter, og spesielt mange fant vi i Alta. Flere av foreningene er nye og hadde ikke noe arkiv, mens andre ikke hadde tatt vare p\u00e5 arkivmateriale. I arbeidet med arkiver etter nye utenlandske minoriteter oppsto det flere utfordringer. V\u00e5rt inntrykk er at mange av foreningene i liten grad organiserer seg p\u00e5 tradisjonelt vis. De har i stedet l\u00f8se grupperinger p\u00e5 Facebook og andre sosiale plattformer og arkiv i skyen. Utfordringen i dag er hvordan man skal bevare denne typen arkiver.<\/p>\n<div id=\"attachment_7169\" style=\"width: 910px\" class=\"wp-caption aligncenter\"><a href=\"https:\/\/finnmarksarkivene.no\/wp-content\/uploads\/2019\/03\/Alta-russiske-forening-i-forestillingen-av-Anna-Karenina-003.jpg\"><img aria-describedby=\"caption-attachment-7169\" loading=\"lazy\" class=\"size-large wp-image-7169\" src=\"https:\/\/finnmarksarkivene.no\/wp-content\/uploads\/2019\/03\/Alta-russiske-forening-i-forestillingen-av-Anna-Karenina-003-1024x768.jpg\" alt=\"\" width=\"900\" height=\"675\" srcset=\"https:\/\/finnmarksarkivene.no\/wp-content\/uploads\/2019\/03\/Alta-russiske-forening-i-forestillingen-av-Anna-Karenina-003.jpg 1024w, https:\/\/finnmarksarkivene.no\/wp-content\/uploads\/2019\/03\/Alta-russiske-forening-i-forestillingen-av-Anna-Karenina-003-300x225.jpg 300w, https:\/\/finnmarksarkivene.no\/wp-content\/uploads\/2019\/03\/Alta-russiske-forening-i-forestillingen-av-Anna-Karenina-003-768x576.jpg 768w\" sizes=\"(max-width: 900px) 100vw, 900px\" \/><\/a><p id=\"caption-attachment-7169\" class=\"wp-caption-text\">Bildet fra Alta russisk forenings arkiv.<\/p><\/div>\n<p><strong>Arkiver fra hj\u00f8rnesteinsbedrifter og n\u00e6ringsdrivende<br \/>\n<\/strong>N\u00e5r det gjelder personarkiver etter utenlandske minoriteter konsentrerte vi oss om arkiver etter arbeidere i fiskeindustrien og private n\u00e6ringsdrivende. Vi lyktes \u00e5 samle inn arkivet fra det orientalske spisestedet Indigo i Vads\u00f8. Avleveringen best\u00e5r av et fotoalbum, l\u00f8nningslister og protokoller. Det ble ogs\u00e5 gjort et intervju hvor Paramjeet Singh Bedi, som sammen med Turid Strand og barna Jasmin og Aron Bedi forteller om hvordan det har v\u00e6rt \u00e5 drive restaurant i Vads\u00f8.<\/p>\n<div id=\"attachment_7187\" style=\"width: 910px\" class=\"wp-caption aligncenter\"><a href=\"https:\/\/finnmarksarkivene.no\/wp-content\/uploads\/2019\/03\/Familien-Bedi-p\u00e5-Indigo.jpg\"><img aria-describedby=\"caption-attachment-7187\" loading=\"lazy\" class=\"size-large wp-image-7187\" src=\"https:\/\/finnmarksarkivene.no\/wp-content\/uploads\/2019\/03\/Familien-Bedi-p\u00e5-Indigo-1024x623.jpg\" alt=\"\" width=\"900\" height=\"548\" srcset=\"https:\/\/finnmarksarkivene.no\/wp-content\/uploads\/2019\/03\/Familien-Bedi-p\u00e5-Indigo-1024x623.jpg 1024w, https:\/\/finnmarksarkivene.no\/wp-content\/uploads\/2019\/03\/Familien-Bedi-p\u00e5-Indigo-300x183.jpg 300w, https:\/\/finnmarksarkivene.no\/wp-content\/uploads\/2019\/03\/Familien-Bedi-p\u00e5-Indigo-768x468.jpg 768w\" sizes=\"(max-width: 900px) 100vw, 900px\" \/><\/a><p id=\"caption-attachment-7187\" class=\"wp-caption-text\">Familien Bedi eier Indigo, en orientalsk restaurant i Vads\u00f8. Arkivet fra bedriften er avlevert til Finnmark fylkesbibliotek. Foto: Evy Andersen.<\/p><\/div>\n<p>Gjennom \u00e5 samle inn arkivmateriale fra sentrale fiskebedrifter, var tanken at man ogs\u00e5 fikk bevart dokumentasjon om de som arbeidet der. Utenlandsk arbeidskraft som finlendere, \u00f8steuropeere og tamiler har etter andre verdenskrig utgjort et sv\u00e6rt n\u00f8dvendig bidrag til \u00e5 sikre bemanning i fiskeindustrien. Det ble reddet arkiver b\u00e5de til Finnmark fylkesbibliotek og Statsarkivet i Troms\u00f8 fra hj\u00f8rnesteinsbedrifter i fiskeindustrien, Br. Aars\u00e6ther i Kj\u00f8llefjord, Finotro, Nils H. Nilsen og B\u00e5tsfjordbruket i B\u00e5tsfjord, samt Vestre Jakobselv fiskarsamvirkelag som har v\u00e6rt en sentral arbeidsplass i bygda som har lange kvenske\/norskfinske tradisjoner.<\/p>\n<div id=\"attachment_7164\" style=\"width: 778px\" class=\"wp-caption aligncenter\"><a href=\"https:\/\/finnmarksarkivene.no\/wp-content\/uploads\/2019\/03\/L\u00f8nnsslippserie-Br.-Aars\u00e6ther-e1553079135813.jpg\"><img aria-describedby=\"caption-attachment-7164\" loading=\"lazy\" class=\"size-large wp-image-7164\" src=\"https:\/\/finnmarksarkivene.no\/wp-content\/uploads\/2019\/03\/L\u00f8nnsslippserie-Br.-Aars\u00e6ther-e1553079135813-768x1024.jpg\" alt=\"\" width=\"768\" height=\"1024\" srcset=\"https:\/\/finnmarksarkivene.no\/wp-content\/uploads\/2019\/03\/L\u00f8nnsslippserie-Br.-Aars\u00e6ther-e1553079135813-768x1024.jpg 768w, https:\/\/finnmarksarkivene.no\/wp-content\/uploads\/2019\/03\/L\u00f8nnsslippserie-Br.-Aars\u00e6ther-e1553079135813-225x300.jpg 225w, https:\/\/finnmarksarkivene.no\/wp-content\/uploads\/2019\/03\/L\u00f8nnsslippserie-Br.-Aars\u00e6ther-e1553079135813.jpg 1512w\" sizes=\"(max-width: 768px) 100vw, 768px\" \/><\/a><p id=\"caption-attachment-7164\" class=\"wp-caption-text\">Bildet viser en del av den komplette l\u00f8nnslippserien i arkivet fra Br.Aars\u00e6ther i Kj\u00f8llefjord. Arkivet ble funnet p\u00e5 skr\u00f8pelige forholdene og fraktet til Statsarkivet i Troms\u00f8. Foto: Helena Maliniemi\/Finnmark fylkesbibliotek.<\/p><\/div>\n<p>I B\u00e5tsfjord som er Norges fiskerihovdestad og innvandrerbyen nr. 2 etter Oslo m\u00e5lt i andelen av befolkningen utf\u00f8rte vi intervjuer med utenlandske ansatte ved fiskeindustrien. Disse kommer fra Sri Lanka, Finland og Polen og representerer ulike ti\u00e5r.<\/p>\n<div id=\"attachment_7167\" style=\"width: 910px\" class=\"wp-caption aligncenter\"><a href=\"https:\/\/finnmarksarkivene.no\/wp-content\/uploads\/2019\/03\/Tamiler.jpg\"><img aria-describedby=\"caption-attachment-7167\" loading=\"lazy\" class=\"size-large wp-image-7167\" src=\"https:\/\/finnmarksarkivene.no\/wp-content\/uploads\/2019\/03\/Tamiler-1024x683.jpg\" alt=\"\" width=\"900\" height=\"600\" srcset=\"https:\/\/finnmarksarkivene.no\/wp-content\/uploads\/2019\/03\/Tamiler-1024x683.jpg 1024w, https:\/\/finnmarksarkivene.no\/wp-content\/uploads\/2019\/03\/Tamiler-300x200.jpg 300w, https:\/\/finnmarksarkivene.no\/wp-content\/uploads\/2019\/03\/Tamiler-768x512.jpg 768w\" sizes=\"(max-width: 900px) 100vw, 900px\" \/><\/a><p id=\"caption-attachment-7167\" class=\"wp-caption-text\">Gjennom \u00e5 bevare arkivmateriale fra fiskebedrifter f\u00e5r man bevart dokumentasjon om de som arbeidet i disse. Foto: Sonja Siltala\/Finnamrk fylkesbibliotek.<\/p><\/div>\n<p><strong>Prosjektet fortsetter!<\/strong> <strong><br \/>\n<\/strong>Etter hvert som prosjektet gikk sin gang ble det etablert kontakt med forskjellige personer og foreninger, og bevisstheten om arkivbevaring har \u00f8kt. En del materiale ligger fremdeles hos arkivskaperne, da avleveringssp\u00f8rsm\u00e5let b\u00f8r tas opp i styrer og med andre eiere. Disse skal vi f\u00f8lge opp. Innsamlingen er avsluttet i prosjektet, men det er langt fra over. Hvis noen av leserne vet om arkiv som b\u00f8r bevares, s\u00e5 ta kontakt med oss!<\/p>\n<div id=\"attachment_7163\" style=\"width: 910px\" class=\"wp-caption aligncenter\"><a href=\"https:\/\/finnmarksarkivene.no\/wp-content\/uploads\/2019\/03\/\u00c5rsm\u00f8te-Lakselv-1988-Norsk-Finsk-Forbund.jpg\"><img aria-describedby=\"caption-attachment-7163\" loading=\"lazy\" class=\"size-large wp-image-7163\" src=\"https:\/\/finnmarksarkivene.no\/wp-content\/uploads\/2019\/03\/\u00c5rsm\u00f8te-Lakselv-1988-Norsk-Finsk-Forbund-1024x680.jpg\" alt=\"\" width=\"900\" height=\"598\" srcset=\"https:\/\/finnmarksarkivene.no\/wp-content\/uploads\/2019\/03\/\u00c5rsm\u00f8te-Lakselv-1988-Norsk-Finsk-Forbund-1024x680.jpg 1024w, https:\/\/finnmarksarkivene.no\/wp-content\/uploads\/2019\/03\/\u00c5rsm\u00f8te-Lakselv-1988-Norsk-Finsk-Forbund-300x199.jpg 300w, https:\/\/finnmarksarkivene.no\/wp-content\/uploads\/2019\/03\/\u00c5rsm\u00f8te-Lakselv-1988-Norsk-Finsk-Forbund-768x510.jpg 768w\" sizes=\"(max-width: 900px) 100vw, 900px\" \/><\/a><p id=\"caption-attachment-7163\" class=\"wp-caption-text\">Bildet som er tatt p\u00e5 Norsk-Finsk Forbunds \u00e5rsm\u00f8tet i Lakselv i 1988 er en del av forbundets arkiv. I tillegg til fotografier inneholdt avleveringen til Finnmark fylkesbibliotek m\u00f8teprotokoller og \u00e5rsmeldinger, kassa- og kontob\u00f8ker, medlemslister og korrespondanse.<\/p><\/div>\n<p><strong>De glemte gruppene synliggj\u00f8res<br \/>\n<\/strong>Hver m\u00e5ned publiserer Finnmarksarkivene en artikkel om et viktig arkiv, gjerne knyttet til aktuelle regionale og nasjonale temaer. F\u00f8lg oss gjerne p\u00e5 <u><a href=\"http:\/\/www.finnmarksarkivene.no\">www.finnmarksarkivene.no<\/a>. <\/u><em>\u00a0<\/em><\/p>\n<div id=\"attachment_7158\" style=\"width: 910px\" class=\"wp-caption aligncenter\"><a href=\"https:\/\/finnmarksarkivene.no\/wp-content\/uploads\/2019\/03\/Somalisk-Nord-Forening-fotballturnering.jpg\"><img aria-describedby=\"caption-attachment-7158\" loading=\"lazy\" class=\"size-large wp-image-7158\" src=\"https:\/\/finnmarksarkivene.no\/wp-content\/uploads\/2019\/03\/Somalisk-Nord-Forening-fotballturnering-1024x683.jpg\" alt=\"\" width=\"900\" height=\"600\" srcset=\"https:\/\/finnmarksarkivene.no\/wp-content\/uploads\/2019\/03\/Somalisk-Nord-Forening-fotballturnering-1024x683.jpg 1024w, https:\/\/finnmarksarkivene.no\/wp-content\/uploads\/2019\/03\/Somalisk-Nord-Forening-fotballturnering-300x200.jpg 300w, https:\/\/finnmarksarkivene.no\/wp-content\/uploads\/2019\/03\/Somalisk-Nord-Forening-fotballturnering-768x512.jpg 768w, https:\/\/finnmarksarkivene.no\/wp-content\/uploads\/2019\/03\/Somalisk-Nord-Forening-fotballturnering.jpg 2048w\" sizes=\"(max-width: 900px) 100vw, 900px\" \/><\/a><p id=\"caption-attachment-7158\" class=\"wp-caption-text\">Somalisk Nord Forening har arrangert flere kultur- og idrettsarrangement, blant annet fotballturneringer med lag fra Alta, Vads\u00f8 og Hammerfest. Foto: Mohamed Abdi Mohamed<\/p><\/div>\n<p>Les mer om prosjektet:<\/p>\n<p><a href=\"https:\/\/finnmarksarkivene.no\/wp-content\/uploads\/2019\/03\/Sluttrapport-Innsamling.pdf\" target=\"_blank\" rel=\"noopener\">Sluttrapport\u00a0 fra Vi er ogs\u00e5 her! Innsamling<\/a><\/p>\n<p>&nbsp;<\/p>\n<p><strong>Litteratur<br \/>\n<\/strong><\/p>\n<p>Cook, Terry (2011): Controlling the Past. Documenting Society and Institutions. Esseys In Honor of Helen Willa Samuels. Society of American Archivists.<\/p>\n<p>Maliniemi, Kaisa Johanna: \u00a0Hva arkivene skjulte : En unders\u00f8kelse av kvensk og samisk i offentlige arkiver i Kistrand (Porsanger) og Nordreisa 1865-1948. ABM-media, 2010<\/p>\n<p><a href=\"https:\/\/www.oslo.kommune.no\/OBA\/publikasjoner\/spor_etter_oss.pdf\" target=\"_blank\" rel=\"noopener\">https:\/\/www.oslo.kommune.no\/OBA\/publikasjoner\/spor_etter_oss.pdf<\/a><\/p>\n<p>&nbsp;<\/p>\n<p>&nbsp;<\/p>\n<p>&nbsp;<\/p>\n<p>&nbsp;<\/p>\n","protected":false},"excerpt":{"rendered":"Det skjer noe magisk n\u00e5r en gruppe engasjerte mennesker med samme interesse m\u00f8tes. Kontakter opprettes, tanker utveksles, spennende prosjekter f\u00f8des og settes i gang. \u00a0Prosjektet \u00abVi er ogs\u00e5 her! Synliggj\u00f8ring av glemte grupper\u00bb er et resultat av slike m\u00f8ter.","protected":false},"author":1,"featured_media":7164,"comment_status":"closed","ping_status":"closed","sticky":false,"template":"","format":"standard","meta":[],"categories":[382,11],"tags":[],"_links":{"self":[{"href":"https:\/\/finnmarksarkivene.no\/index.php?rest_route=\/wp\/v2\/posts\/7284"}],"collection":[{"href":"https:\/\/finnmarksarkivene.no\/index.php?rest_route=\/wp\/v2\/posts"}],"about":[{"href":"https:\/\/finnmarksarkivene.no\/index.php?rest_route=\/wp\/v2\/types\/post"}],"author":[{"embeddable":true,"href":"https:\/\/finnmarksarkivene.no\/index.php?rest_route=\/wp\/v2\/users\/1"}],"replies":[{"embeddable":true,"href":"https:\/\/finnmarksarkivene.no\/index.php?rest_route=%2Fwp%2Fv2%2Fcomments&post=7284"}],"version-history":[{"count":8,"href":"https:\/\/finnmarksarkivene.no\/index.php?rest_route=\/wp\/v2\/posts\/7284\/revisions"}],"predecessor-version":[{"id":7623,"href":"https:\/\/finnmarksarkivene.no\/index.php?rest_route=\/wp\/v2\/posts\/7284\/revisions\/7623"}],"wp:featuredmedia":[{"embeddable":true,"href":"https:\/\/finnmarksarkivene.no\/index.php?rest_route=\/wp\/v2\/media\/7164"}],"wp:attachment":[{"href":"https:\/\/finnmarksarkivene.no\/index.php?rest_route=%2Fwp%2Fv2%2Fmedia&parent=7284"}],"wp:term":[{"taxonomy":"category","embeddable":true,"href":"https:\/\/finnmarksarkivene.no\/index.php?rest_route=%2Fwp%2Fv2%2Fcategories&post=7284"},{"taxonomy":"post_tag","embeddable":true,"href":"https:\/\/finnmarksarkivene.no\/index.php?rest_route=%2Fwp%2Fv2%2Ftags&post=7284"}],"curies":[{"name":"wp","href":"https:\/\/api.w.org\/{rel}","templated":true}]}}