{"id":7295,"date":"2019-05-02T13:57:26","date_gmt":"2019-05-02T13:57:26","guid":{"rendered":"http:\/\/finnmarksarkivene.no\/?p=7295"},"modified":"2019-10-28T06:54:27","modified_gmt":"2019-10-28T06:54:27","slug":"lavde-arkivet-en-fortelling-om-lakseoppkjoper-fra-tana","status":"publish","type":"post","link":"https:\/\/finnmarksarkivene.no\/?p=7295","title":{"rendered":"Lavde-arkivet \u2013 en fortelling om lakseoppkj\u00f8per fra Tana"},"content":{"rendered":"<p><strong>I \u00e5r er det f\u00f8rste internasjonale villaks\u00e5ret. I den forbindelsen \u00f8nsker Finnmarksarkivene \u00e5 sette fokus p\u00e5 arkivet etter lakseoppkj\u00f8per Andreas Lavde som oppbevares ved Tana museum. Arkivet dokumenterer samisk tradisjonsfiske som n\u00e6ring i Tanavassdraget som er ett av verdens st\u00f8rste vassdrag med atlantisk laks.<\/strong> <!--more--><\/p>\n<p><em>Av Claus Pettersen, Tana Museum (2019)<\/em><\/p>\n<p>2019 er det f\u00f8rste internasjonale villaks\u00e5ret. I den forbindelsen \u00f8nsker vi \u00e5 sette fokus p\u00e5 de som er n\u00e6rmest knyttet til villaksen: tradisjonsfiskerne i Tanavassdraget og Tana museums arbeid med privatarkiv. En av de som har drevet med laksefiske som n\u00e6ring i Tanavassdraget og omliggende fjorder, var lakseoppkj\u00f8per Andreas Lavde. Lavde-arkivet er et blant flere privatarkiv ved museet, og best\u00e5r hovedsakelig av seddelb\u00f8ker og regnskap. Arkivet dokumenterer samisk tradisjonsfiske som n\u00e6ring i v\u00e5re vassdrag og fjorder.<\/p>\n<div id=\"attachment_7296\" style=\"width: 2846px\" class=\"wp-caption aligncenter\"><a href=\"https:\/\/finnmarksarkivene.no\/wp-content\/uploads\/2019\/05\/Bilde1.jpg\"><img aria-describedby=\"caption-attachment-7296\" loading=\"lazy\" class=\"size-full wp-image-7296\" src=\"https:\/\/finnmarksarkivene.no\/wp-content\/uploads\/2019\/05\/Bilde1.jpg\" alt=\"\" width=\"2836\" height=\"2016\" srcset=\"https:\/\/finnmarksarkivene.no\/wp-content\/uploads\/2019\/05\/Bilde1.jpg 2836w, https:\/\/finnmarksarkivene.no\/wp-content\/uploads\/2019\/05\/Bilde1-300x213.jpg 300w, https:\/\/finnmarksarkivene.no\/wp-content\/uploads\/2019\/05\/Bilde1-768x546.jpg 768w, https:\/\/finnmarksarkivene.no\/wp-content\/uploads\/2019\/05\/Bilde1-1024x728.jpg 1024w\" sizes=\"(max-width: 2836px) 100vw, 2836px\" \/><\/a><p id=\"caption-attachment-7296\" class=\"wp-caption-text\">Bilferga over Tanaelva ved Langnes, Nils-Andreas Lavde som fergef\u00f8rer. Fotoarkiv: Finnmark fylkesbibliotek. Fotograf: ukjent.<\/p><\/div>\n<h3><strong>Om arkivskaperen Nils-Andreas Lavde<\/strong><\/h3>\n<p>Nils-Andreas Lavde (f. 25.05.1920 d. 6.8.2003) var s\u00f8nn av Berit Oline og Anders Aslaksen Lavde. Han giftet seg i 1947 med Katrine Lavde (pikenavn: Tran) og de fikk fire barn sammen. I 1954 etablerte Nils-Andreas Lavde et b\u00e5tbyggeri i Austre Bonakas. Han kj\u00f8pte en brakke av kommunen, som han bygde om til verksted og b\u00e5tbyggeri. Lavde var en flink b\u00e5tbygger og kjent for sine flotte elveb\u00e5ter. Arkivet forteller oss at han i 1965 solgte tre elveb\u00e5ter for kr 1000 per stykk. Hans hovedgeskjeft var som lakseoppkj\u00f8per, samt verksteddrift og agenturvirksomhet. I tillegg var Lavde selv laksefisker og drev jordbruk med fiskerett i Tanaelva. Han drev stengselsfiske i Austre Bonakas omr\u00e5de. Oppm\u00e5ling gjort i 1985 viser han hadde ett 60m langt stengsel med kombinasjon av bruk med jernp\u00e5ler, trep\u00e5ler og stengselsbukker.<\/p>\n<p>Nils-Andreas Lavde har var en aktiv lokalpolitiker tilknyttet Arbeiderpartiet med flere perioder med verv i kommunens byggenemnd. Som pensjonist var han aktiv i pensjonistforeningen som styrerepresentant og kasserer. Han fikk Tana og Nesseby Lions hederspris for sitt arbeidet for pensjonistene i 1995.<\/p>\n<div id=\"attachment_7297\" style=\"width: 1397px\" class=\"wp-caption aligncenter\"><a href=\"https:\/\/finnmarksarkivene.no\/wp-content\/uploads\/2019\/05\/bilde2.jpg\"><img aria-describedby=\"caption-attachment-7297\" loading=\"lazy\" class=\"size-full wp-image-7297\" src=\"https:\/\/finnmarksarkivene.no\/wp-content\/uploads\/2019\/05\/bilde2.jpg\" alt=\"\" width=\"1387\" height=\"692\" srcset=\"https:\/\/finnmarksarkivene.no\/wp-content\/uploads\/2019\/05\/bilde2.jpg 1387w, https:\/\/finnmarksarkivene.no\/wp-content\/uploads\/2019\/05\/bilde2-300x150.jpg 300w, https:\/\/finnmarksarkivene.no\/wp-content\/uploads\/2019\/05\/bilde2-768x383.jpg 768w, https:\/\/finnmarksarkivene.no\/wp-content\/uploads\/2019\/05\/bilde2-1024x511.jpg 1024w\" sizes=\"(max-width: 1387px) 100vw, 1387px\" \/><\/a><p id=\"caption-attachment-7297\" class=\"wp-caption-text\">Fotoutsnitt av seddel, seddelb\u00f8kene viser hvem som solgt laks, hvor mye laks og prisen de fikk. Foto: Tana Museum, 2019<\/p><\/div>\n<h3><strong>Arbeidet med Lavde-arkivet ved Tana Museum<\/strong><\/h3>\n<p>Arkivet ble gjennomg\u00e5tt i mars 2019. Det er pakket ned i syrefrie esker og fordelt p\u00e5 19 arkivesker.\u00a0 Arkivalie strekker seg fra 1950- og inn p\u00e5 1970-tallet.<\/p>\n<p>Arkivet er gjort s\u00f8kbart i Finnmarkskrinet: <a href=\"https:\/\/finnmarksarkivene.no\/?p=315\" target=\"_blank\" rel=\"noopener\">https:\/\/finnmarksarkivene.no\/?p=315<\/a><\/p>\n<p>I arkivet ble det funnet ett foto av hans kone Katrine Lavde. Den ble registrert i museets fotosamling med registreringsnummer DEM.F.00412.<\/p>\n<p>Tre av skoeskene som arkivet var opprinnelig lagret i ble tatt inn i gjenstandsamlingen og fikk registreringsnummer DEM.02181.<\/p>\n<div id=\"attachment_7298\" style=\"width: 1300px\" class=\"wp-caption aligncenter\"><a href=\"https:\/\/finnmarksarkivene.no\/wp-content\/uploads\/2019\/05\/bilde3.jpg\"><img aria-describedby=\"caption-attachment-7298\" loading=\"lazy\" class=\"size-full wp-image-7298\" src=\"https:\/\/finnmarksarkivene.no\/wp-content\/uploads\/2019\/05\/bilde3.jpg\" alt=\"\" width=\"1290\" height=\"1960\" srcset=\"https:\/\/finnmarksarkivene.no\/wp-content\/uploads\/2019\/05\/bilde3.jpg 1290w, https:\/\/finnmarksarkivene.no\/wp-content\/uploads\/2019\/05\/bilde3-197x300.jpg 197w, https:\/\/finnmarksarkivene.no\/wp-content\/uploads\/2019\/05\/bilde3-768x1167.jpg 768w, https:\/\/finnmarksarkivene.no\/wp-content\/uploads\/2019\/05\/bilde3-674x1024.jpg 674w\" sizes=\"(max-width: 1290px) 100vw, 1290px\" \/><\/a><p id=\"caption-attachment-7298\" class=\"wp-caption-text\">Katrine Lavde p\u00e5 1950-tallet. Fotoarkiv: DEM-F.000142, Tana Museum Fotograf: Ukjent<\/p><\/div>\n<p>Arbeidet som er gjort i denne omgangen er \u00e5 fotografere innholdet i alle eskene. Man har fjernet rustne stifter\/ binders, og arbeidet er dokumentert ved \u00e5 f\u00f8re rapporter og arbeidsliste, som arkiveres i museets interne arkiv tilknyttet samlingen. Arkivet ble pakket om til syrefrie arkivesker slik at arkivaliet har bedre plass og bedre lagringsforhold. Arkene lagres liggende, for \u00e5 unng\u00e5 at arkene og b\u00f8ker kr\u00f8ller seg.<\/p>\n<div id=\"attachment_7299\" style=\"width: 1396px\" class=\"wp-caption aligncenter\"><a href=\"https:\/\/finnmarksarkivene.no\/wp-content\/uploads\/2019\/05\/bilde4_.jpg\"><img aria-describedby=\"caption-attachment-7299\" loading=\"lazy\" class=\"size-full wp-image-7299\" src=\"https:\/\/finnmarksarkivene.no\/wp-content\/uploads\/2019\/05\/bilde4_.jpg\" alt=\"\" width=\"1386\" height=\"924\" srcset=\"https:\/\/finnmarksarkivene.no\/wp-content\/uploads\/2019\/05\/bilde4_.jpg 1386w, https:\/\/finnmarksarkivene.no\/wp-content\/uploads\/2019\/05\/bilde4_-300x200.jpg 300w, https:\/\/finnmarksarkivene.no\/wp-content\/uploads\/2019\/05\/bilde4_-768x512.jpg 768w, https:\/\/finnmarksarkivene.no\/wp-content\/uploads\/2019\/05\/bilde4_-1024x683.jpg 1024w\" sizes=\"(max-width: 1386px) 100vw, 1386px\" \/><\/a><p id=\"caption-attachment-7299\" class=\"wp-caption-text\">Seddelb\u00f8kene er i generelt god stand, men noe har v\u00e6rt utsatt for fukt og rust. Foto: Tana Museum, 2019<\/p><\/div>\n<p>Det er opprettet nye foto- og gjenstandsregistrering. Slik har man koblet de ulike kildene med hverandre for \u00e5 kunne formidle denne fortellingen. Det har v\u00e6rt utvikling i museets foto, arkiv og gjenstandsamlingene under dette arbeidet og informasjon\/ relasjoner er koblet med hverandre i de ulike databasene. Slik kan museenes samlinger med de nye digitale verkt\u00f8yene gj\u00f8re formidlingen bedre og mer aktuell.<\/p>\n<div id=\"attachment_7301\" style=\"width: 1397px\" class=\"wp-caption aligncenter\"><a href=\"https:\/\/finnmarksarkivene.no\/wp-content\/uploads\/2019\/05\/bilde6.jpg\"><img aria-describedby=\"caption-attachment-7301\" loading=\"lazy\" class=\"size-full wp-image-7301\" src=\"https:\/\/finnmarksarkivene.no\/wp-content\/uploads\/2019\/05\/bilde6.jpg\" alt=\"\" width=\"1387\" height=\"883\" srcset=\"https:\/\/finnmarksarkivene.no\/wp-content\/uploads\/2019\/05\/bilde6.jpg 1387w, https:\/\/finnmarksarkivene.no\/wp-content\/uploads\/2019\/05\/bilde6-300x191.jpg 300w, https:\/\/finnmarksarkivene.no\/wp-content\/uploads\/2019\/05\/bilde6-768x489.jpg 768w, https:\/\/finnmarksarkivene.no\/wp-content\/uploads\/2019\/05\/bilde6-1024x652.jpg 1024w\" sizes=\"(max-width: 1387px) 100vw, 1387px\" \/><\/a><p id=\"caption-attachment-7301\" class=\"wp-caption-text\">God og stor arbeidsflater Her er det satt opp fotostasjon, pc med skanner og printer. Foto: Tana Museum, 2019<\/p><\/div>\n<p>I Tana Museum sine fotosamling fant man ogs\u00e5 et flyfoto av g\u00e5rden til Nils-Andreas Lavde Bildet er tatt i 1963 av Wider\u00f8e Flyveselskap A\\S. Fotografiet har registreringsnummer DEM-F.000143, wider\u00f8e fotosamling ligger ute p\u00e5 digtalt museum, <a href=\"https:\/\/digitaltmuseum.no\/011015213745\/fjellanger-wideroe-flyfoto-tana-kommune\" target=\"_blank\" rel=\"noopener\">https:\/\/digitaltmuseum.no\/011015213745\/fjellanger-wideroe-flyfoto-tana-kommune<\/a>. Denne registreringen har f\u00e5tt oppdatert informasjon og kunne koble kilder med hverandre i PRIM\u00d9S databasen som er verkt\u00f8yet bak digitaltmuseum.<\/p>\n<div id=\"attachment_7302\" style=\"width: 1496px\" class=\"wp-caption aligncenter\"><a href=\"https:\/\/finnmarksarkivene.no\/wp-content\/uploads\/2019\/05\/bilde7.jpg\"><img aria-describedby=\"caption-attachment-7302\" loading=\"lazy\" class=\"size-full wp-image-7302\" src=\"https:\/\/finnmarksarkivene.no\/wp-content\/uploads\/2019\/05\/bilde7.jpg\" alt=\"\" width=\"1486\" height=\"1000\" srcset=\"https:\/\/finnmarksarkivene.no\/wp-content\/uploads\/2019\/05\/bilde7.jpg 1486w, https:\/\/finnmarksarkivene.no\/wp-content\/uploads\/2019\/05\/bilde7-300x202.jpg 300w, https:\/\/finnmarksarkivene.no\/wp-content\/uploads\/2019\/05\/bilde7-768x517.jpg 768w, https:\/\/finnmarksarkivene.no\/wp-content\/uploads\/2019\/05\/bilde7-1024x689.jpg 1024w\" sizes=\"(max-width: 1486px) 100vw, 1486px\" \/><\/a><p id=\"caption-attachment-7302\" class=\"wp-caption-text\">Fotoarkiv: DEM-F.000143 Tana Museum Fotograf: Wider\u00f8e Flyveselskap A\\S<\/p><\/div>\n<p><strong>Tana museums arkivlager \u2013 fra kriker og kroker til bankkjelleren<\/strong><\/p>\n<div id=\"attachment_7303\" style=\"width: 810px\" class=\"wp-caption aligncenter\"><a href=\"https:\/\/finnmarksarkivene.no\/wp-content\/uploads\/2019\/05\/bilde8.jpg\"><img aria-describedby=\"caption-attachment-7303\" loading=\"lazy\" class=\"size-full wp-image-7303\" src=\"https:\/\/finnmarksarkivene.no\/wp-content\/uploads\/2019\/05\/bilde8.jpg\" alt=\"\" width=\"800\" height=\"287\" srcset=\"https:\/\/finnmarksarkivene.no\/wp-content\/uploads\/2019\/05\/bilde8.jpg 800w, https:\/\/finnmarksarkivene.no\/wp-content\/uploads\/2019\/05\/bilde8-300x108.jpg 300w, https:\/\/finnmarksarkivene.no\/wp-content\/uploads\/2019\/05\/bilde8-768x276.jpg 768w\" sizes=\"(max-width: 800px) 100vw, 800px\" \/><\/a><p id=\"caption-attachment-7303\" class=\"wp-caption-text\">Hovedhuset p\u00e5 museumstunet i Polmak, Foto: Tana Museum<\/p><\/div>\n<p>Privatarkiv og museets interne arkiv var lagret i museets lokaler i Polmak, fram til 2015. Mye av materialet var lagret i sm\u00e5 kott p\u00e5 loftet, med store svingninger i temperatur\/ luftfuktighet. Her var det lett tilgang for husmusene. Behovet for nye og bedre lokaler var helt n\u00f8dvendig for b\u00e5de arkivet og personalet. Museet leier n\u00e5 kontorer i nye Tana N\u00e6ringspark og med lett tilgang til eget arkivrom i kjelleren i bankbygget ved Tana bru. Her har Tana Museum god lagrings- og arbeidsforhold for sine samlinger og arkiv. Med gode magasinmuligheter i kjelleren i banken satser p\u00e5 at vi i n\u00e6r fremtid kan g\u00e5 ut aktivt og tilby \u00e5 ta vare p\u00e5 privatarkiver for lokalsamfunnet i Tana.<\/p>\n<div id=\"attachment_7304\" style=\"width: 1606px\" class=\"wp-caption aligncenter\"><a href=\"https:\/\/finnmarksarkivene.no\/wp-content\/uploads\/2019\/05\/bilde9.jpg\"><img aria-describedby=\"caption-attachment-7304\" loading=\"lazy\" class=\"size-full wp-image-7304\" src=\"https:\/\/finnmarksarkivene.no\/wp-content\/uploads\/2019\/05\/bilde9.jpg\" alt=\"\" width=\"1596\" height=\"570\" srcset=\"https:\/\/finnmarksarkivene.no\/wp-content\/uploads\/2019\/05\/bilde9.jpg 1596w, https:\/\/finnmarksarkivene.no\/wp-content\/uploads\/2019\/05\/bilde9-300x107.jpg 300w, https:\/\/finnmarksarkivene.no\/wp-content\/uploads\/2019\/05\/bilde9-768x274.jpg 768w, https:\/\/finnmarksarkivene.no\/wp-content\/uploads\/2019\/05\/bilde9-1024x366.jpg 1024w\" sizes=\"(max-width: 1596px) 100vw, 1596px\" \/><\/a><p id=\"caption-attachment-7304\" class=\"wp-caption-text\">Tana N\u00e6ringspark og bankbygget hvor museet i dag leier to kontorer, kopirom og arkivrom. Lokalene stod ferdig februar 2019. Foto: Tana Museum<\/p><\/div>\n<h3><strong>Vet du om en elveb\u00e5t lagd av Nils-Andreas Lavde?<\/strong><\/h3>\n<p>Igjennom dette katalogiseringsarbeidet har man vekket museets og lokale ressurser sin intresse for Nils Andreas Lavde. Det hadde v\u00e6rt berikelse om vi kunne finne en elveb\u00e5t av han som vi kan ta inn i v\u00e5r samling. Og vi er i dialog med lokale krefter og er i leting om vi kan finne et eksemplar. Hvis du vet om en elveb\u00e5t lagd av Nils-Andreas Lavde s\u00e5 ta kontakt med Tana Museum.<\/p>\n<p>Det har v\u00e6rt diskusjoner om arkivet skal videre til samisk arkiv. Vi f\u00f8ler at det er viktig at slikt arkivmateriale er kjent for oss og lokale ressurser. Derfor er det en fordel at vi f\u00e5r gjort en katalogisering og blitt kjent med matrialet f\u00f8r vi eventuelt sender det videre. Uansett fremtiden til arkivet s\u00e5 ligger det trygt per idag, det er ett kontinerlig arbeid rundt privatarkiv. Vi jobber med \u00e5 f\u00e5 planverk for arkiv\/arkivrom p\u00e5 plass i l\u00f8pet av \u00e5ret. Museet vil formidle arkivene sine eksistens slik at disse kan bli tilgjengelig for alle interresserte.<\/p>\n<div id=\"attachment_7300\" style=\"width: 1396px\" class=\"wp-caption aligncenter\"><a href=\"https:\/\/finnmarksarkivene.no\/wp-content\/uploads\/2019\/05\/bilde5.jpg\"><img aria-describedby=\"caption-attachment-7300\" loading=\"lazy\" class=\"size-full wp-image-7300\" src=\"https:\/\/finnmarksarkivene.no\/wp-content\/uploads\/2019\/05\/bilde5.jpg\" alt=\"\" width=\"1386\" height=\"650\" srcset=\"https:\/\/finnmarksarkivene.no\/wp-content\/uploads\/2019\/05\/bilde5.jpg 1386w, https:\/\/finnmarksarkivene.no\/wp-content\/uploads\/2019\/05\/bilde5-300x141.jpg 300w, https:\/\/finnmarksarkivene.no\/wp-content\/uploads\/2019\/05\/bilde5-768x360.jpg 768w, https:\/\/finnmarksarkivene.no\/wp-content\/uploads\/2019\/05\/bilde5-1024x480.jpg 1024w\" sizes=\"(max-width: 1386px) 100vw, 1386px\" \/><\/a><p id=\"caption-attachment-7300\" class=\"wp-caption-text\">Arkivet er pakket i nye syrefrie esker. I midten er tre av skoeskene som arkivet opprinnelig var i. De er blitt en del av samlingen og har f\u00e5tt registreringsnummer DEM.02181. Foto: Tana Museum, 2019<\/p><\/div>\n","protected":false},"excerpt":{"rendered":"I \u00e5r er det f\u00f8rste internasjonale villaks\u00e5ret. I den forbindelsen \u00f8nsker Finnmarksarkivene \u00e5 sette fokus p\u00e5 arkivet etter lakseoppkj\u00f8per Andreas Lavde som oppbevares ved Tana museum. Arkivet dokumenterer samisk tradisjonsfiske som n\u00e6ring i Tanavassdraget som er ett av verdens st\u00f8rste vassdrag med atlantisk laks.","protected":false},"author":1,"featured_media":7300,"comment_status":"closed","ping_status":"closed","sticky":false,"template":"","format":"standard","meta":[],"categories":[382,11],"tags":[],"_links":{"self":[{"href":"https:\/\/finnmarksarkivene.no\/index.php?rest_route=\/wp\/v2\/posts\/7295"}],"collection":[{"href":"https:\/\/finnmarksarkivene.no\/index.php?rest_route=\/wp\/v2\/posts"}],"about":[{"href":"https:\/\/finnmarksarkivene.no\/index.php?rest_route=\/wp\/v2\/types\/post"}],"author":[{"embeddable":true,"href":"https:\/\/finnmarksarkivene.no\/index.php?rest_route=\/wp\/v2\/users\/1"}],"replies":[{"embeddable":true,"href":"https:\/\/finnmarksarkivene.no\/index.php?rest_route=%2Fwp%2Fv2%2Fcomments&post=7295"}],"version-history":[{"count":3,"href":"https:\/\/finnmarksarkivene.no\/index.php?rest_route=\/wp\/v2\/posts\/7295\/revisions"}],"predecessor-version":[{"id":7664,"href":"https:\/\/finnmarksarkivene.no\/index.php?rest_route=\/wp\/v2\/posts\/7295\/revisions\/7664"}],"wp:featuredmedia":[{"embeddable":true,"href":"https:\/\/finnmarksarkivene.no\/index.php?rest_route=\/wp\/v2\/media\/7300"}],"wp:attachment":[{"href":"https:\/\/finnmarksarkivene.no\/index.php?rest_route=%2Fwp%2Fv2%2Fmedia&parent=7295"}],"wp:term":[{"taxonomy":"category","embeddable":true,"href":"https:\/\/finnmarksarkivene.no\/index.php?rest_route=%2Fwp%2Fv2%2Fcategories&post=7295"},{"taxonomy":"post_tag","embeddable":true,"href":"https:\/\/finnmarksarkivene.no\/index.php?rest_route=%2Fwp%2Fv2%2Ftags&post=7295"}],"curies":[{"name":"wp","href":"https:\/\/api.w.org\/{rel}","templated":true}]}}