{"id":7391,"date":"2019-06-14T05:31:32","date_gmt":"2019-06-14T05:31:32","guid":{"rendered":"http:\/\/finnmarksarkivene.no\/?p=7391"},"modified":"2019-06-14T10:43:18","modified_gmt":"2019-06-14T10:43:18","slug":"finnmarksarkivene-markerer-verdens-flyktningdag-med-inger-bergmos-flyktningearkiv","status":"publish","type":"post","link":"https:\/\/finnmarksarkivene.no\/?p=7391","title":{"rendered":"Finnmarksarkivene markerer Verdens flyktningdag med Inger J. Bergmos flyktningearkiv"},"content":{"rendered":"<p>Finnmarksarkivene markerer Verdens flyktningdag den 20. juni med Inger Bergmos flyktningearkiv. Hun \u00f8nsker at arkivet kan komme til nytte n\u00e5r flyktningehistorien i Finnmark skal skrives. <!--more--><\/p>\n<p>Verdens flyktningdag er en FN dag som markeres den 20. juni. Dagen er opprettet for \u00e5 f\u00e5 oppmerksomhet om flyktningers liv verden over.\u00a0 Dagen ble f\u00f8rst markert i 2001. Datoen ble valgt for \u00e5 falle sammen med Afrikas flyktningdag.<\/p>\n<p>Inger J. Bergmo var ansatt ved \u00c5slia asylmottak og Alta flykningstjenesten i tidsrommet 1992-2014. I l\u00f8pet av disse \u00e5rene samlet hun inn avisartikler og tok n\u00e6rmere 400 fotografier og slides fra flyktninger i ulike aktiviteter. Materialet ble benyttet blant annet i samtaler med nye flykninger, studenter og deltakere p\u00e5 Kvinnegruppa, samt i fritidstilbudet til barna. I disse settingene opplevde Inger J. Bergmo at materialet hadde en stor verdi. Grunnen at Inger J.Bergmo tok vare p\u00e5 dette arkivmaterialet var at det var viktig for henne at flyktningtjenesten fikk visualisere Altas nye borgere. Denne tanken ble \u00a0forsterket p\u00e5 en landskonferanse p\u00e5 Lillehammer arrangert av IMDI da hun s\u00e5 fotomontasje av\u00a0 disse nye borgere.<\/p>\n<p>I tillegg tok Inger J. Bergmo vare p\u00e5 en gjesteprotokoll fra \u00e5pningen av \u00c5slia asylmottak i 1989 som var puttet i en eske sammen med fotografiene for makulering. Arkivet ble avlevert til Finnmark fylkesbibliotek i forbindelse med prosjektet &#8220;Vi er ogs\u00e5 her! Synliggj\u00f8ring av glemte grupper&#8221;. Inger Bergmo \u00f8nsker at arkivet kan komme til nytte n\u00e5r flyktningehistorien i Finnmark skal skrives.<\/p>\n<p>&nbsp;<\/p>\n<div id=\"attachment_7392\" style=\"width: 683px\" class=\"wp-caption aligncenter\"><a href=\"https:\/\/finnmarksarkivene.no\/wp-content\/uploads\/2019\/06\/Kalender-f\u00e5tt-fra-somalisk-foreldre.jpg\"><img aria-describedby=\"caption-attachment-7392\" loading=\"lazy\" class=\"wp-image-7392 size-large\" src=\"https:\/\/finnmarksarkivene.no\/wp-content\/uploads\/2019\/06\/Kalender-f\u00e5tt-fra-somalisk-foreldre-673x1024.jpg\" alt=\"\" width=\"673\" height=\"1024\" srcset=\"https:\/\/finnmarksarkivene.no\/wp-content\/uploads\/2019\/06\/Kalender-f\u00e5tt-fra-somalisk-foreldre-673x1024.jpg 673w, https:\/\/finnmarksarkivene.no\/wp-content\/uploads\/2019\/06\/Kalender-f\u00e5tt-fra-somalisk-foreldre-197x300.jpg 197w, https:\/\/finnmarksarkivene.no\/wp-content\/uploads\/2019\/06\/Kalender-f\u00e5tt-fra-somalisk-foreldre-768x1169.jpg 768w\" sizes=\"(max-width: 673px) 100vw, 673px\" \/><\/a><p id=\"caption-attachment-7392\" class=\"wp-caption-text\">Kalender f\u00e5tt av somalisk foreldre. Inger J. Bergmos flyktningearkiv p\u00e5 Finnmark fylkesbibliotek.<\/p><\/div>\n<div id=\"attachment_6096\" style=\"width: 833px\" class=\"wp-caption aligncenter\"><a href=\"https:\/\/finnmarksarkivene.no\/wp-content\/uploads\/2018\/04\/17.-mai-feiring-i-alta-Bergsmos-flyktningearkiv.jpg\"><img aria-describedby=\"caption-attachment-6096\" loading=\"lazy\" class=\"wp-image-6096\" src=\"https:\/\/finnmarksarkivene.no\/wp-content\/uploads\/2018\/04\/17.-mai-feiring-i-alta-Bergsmos-flyktningearkiv.jpg\" alt=\"\" width=\"823\" height=\"873\" srcset=\"https:\/\/finnmarksarkivene.no\/wp-content\/uploads\/2018\/04\/17.-mai-feiring-i-alta-Bergsmos-flyktningearkiv.jpg 823w, https:\/\/finnmarksarkivene.no\/wp-content\/uploads\/2018\/04\/17.-mai-feiring-i-alta-Bergsmos-flyktningearkiv-283x300.jpg 283w, https:\/\/finnmarksarkivene.no\/wp-content\/uploads\/2018\/04\/17.-mai-feiring-i-alta-Bergsmos-flyktningearkiv-768x815.jpg 768w\" sizes=\"(max-width: 823px) 100vw, 823px\" \/><\/a><p id=\"caption-attachment-6096\" class=\"wp-caption-text\">17. mai feiring i Alta. Foto: Inger J. Bergmos flykningearkiv p\u00e5 Finnmark fylkesbibliotek.<\/p><\/div>\n<div id=\"attachment_7395\" style=\"width: 910px\" class=\"wp-caption aligncenter\"><a href=\"https:\/\/finnmarksarkivene.no\/wp-content\/uploads\/2019\/06\/Bosniske-og-albanske-barn.jpg\"><img aria-describedby=\"caption-attachment-7395\" loading=\"lazy\" class=\"size-large wp-image-7395\" src=\"https:\/\/finnmarksarkivene.no\/wp-content\/uploads\/2019\/06\/Bosniske-og-albanske-barn-1024x724.jpg\" alt=\"\" width=\"900\" height=\"636\" srcset=\"https:\/\/finnmarksarkivene.no\/wp-content\/uploads\/2019\/06\/Bosniske-og-albanske-barn-1024x724.jpg 1024w, https:\/\/finnmarksarkivene.no\/wp-content\/uploads\/2019\/06\/Bosniske-og-albanske-barn-300x212.jpg 300w, https:\/\/finnmarksarkivene.no\/wp-content\/uploads\/2019\/06\/Bosniske-og-albanske-barn-768x543.jpg 768w\" sizes=\"(max-width: 900px) 100vw, 900px\" \/><\/a><p id=\"caption-attachment-7395\" class=\"wp-caption-text\">Bosniske og albanske barn p\u00e5 \u00c5slia Barnebasen. Foto: Inger J. Bergmos flyktningearkiv p\u00e5 Finnmark fylkesbibliotek.<\/p><\/div>\n<div id=\"attachment_4009\" style=\"width: 910px\" class=\"wp-caption aligncenter\"><a href=\"https:\/\/finnmarksarkivene.no\/wp-content\/uploads\/2015\/08\/Fritid-p\u00e5-fjorden.jpg\"><img aria-describedby=\"caption-attachment-4009\" loading=\"lazy\" class=\"size-large wp-image-4009\" src=\"https:\/\/finnmarksarkivene.no\/wp-content\/uploads\/2015\/08\/Fritid-p\u00e5-fjorden-1024x724.jpg\" alt=\"\" width=\"900\" height=\"636\" srcset=\"https:\/\/finnmarksarkivene.no\/wp-content\/uploads\/2015\/08\/Fritid-p\u00e5-fjorden-1024x724.jpg 1024w, https:\/\/finnmarksarkivene.no\/wp-content\/uploads\/2015\/08\/Fritid-p\u00e5-fjorden-300x212.jpg 300w\" sizes=\"(max-width: 900px) 100vw, 900px\" \/><\/a><p id=\"caption-attachment-4009\" class=\"wp-caption-text\">Fritidsaktiviter p\u00e5 Altafjorden. Foto: Inger J. Bergmos flyktningearkiv p\u00e5 Finnmark fylkesbibliotek.<\/p><\/div>\n<p>&nbsp;<\/p>\n<p>Mer om Inger J. Bergsmos flyktningearkivet:<\/p>\n<p><a href=\"https:\/\/finnmarksarkivene.no\/?p=3465\" target=\"_blank\" rel=\"noopener\">https:\/\/finnmarksarkivene.no\/?p=3465<\/a><\/p>\n","protected":false},"excerpt":{"rendered":"Finnmarksarkivene markerer Verdens flyktningdag den 20. juni med Inger Bergmos flyktningearkiv. Hun \u00f8nsker at arkivet kan komme til nytte n\u00e5r flyktningehistorien i Finnmark skal skrives.","protected":false},"author":1,"featured_media":7402,"comment_status":"closed","ping_status":"closed","sticky":false,"template":"","format":"standard","meta":[],"categories":[382,11],"tags":[450,332],"_links":{"self":[{"href":"https:\/\/finnmarksarkivene.no\/index.php?rest_route=\/wp\/v2\/posts\/7391"}],"collection":[{"href":"https:\/\/finnmarksarkivene.no\/index.php?rest_route=\/wp\/v2\/posts"}],"about":[{"href":"https:\/\/finnmarksarkivene.no\/index.php?rest_route=\/wp\/v2\/types\/post"}],"author":[{"embeddable":true,"href":"https:\/\/finnmarksarkivene.no\/index.php?rest_route=\/wp\/v2\/users\/1"}],"replies":[{"embeddable":true,"href":"https:\/\/finnmarksarkivene.no\/index.php?rest_route=%2Fwp%2Fv2%2Fcomments&post=7391"}],"version-history":[{"count":14,"href":"https:\/\/finnmarksarkivene.no\/index.php?rest_route=\/wp\/v2\/posts\/7391\/revisions"}],"predecessor-version":[{"id":7463,"href":"https:\/\/finnmarksarkivene.no\/index.php?rest_route=\/wp\/v2\/posts\/7391\/revisions\/7463"}],"wp:featuredmedia":[{"embeddable":true,"href":"https:\/\/finnmarksarkivene.no\/index.php?rest_route=\/wp\/v2\/media\/7402"}],"wp:attachment":[{"href":"https:\/\/finnmarksarkivene.no\/index.php?rest_route=%2Fwp%2Fv2%2Fmedia&parent=7391"}],"wp:term":[{"taxonomy":"category","embeddable":true,"href":"https:\/\/finnmarksarkivene.no\/index.php?rest_route=%2Fwp%2Fv2%2Fcategories&post=7391"},{"taxonomy":"post_tag","embeddable":true,"href":"https:\/\/finnmarksarkivene.no\/index.php?rest_route=%2Fwp%2Fv2%2Ftags&post=7391"}],"curies":[{"name":"wp","href":"https:\/\/api.w.org\/{rel}","templated":true}]}}