{"id":7467,"date":"2019-06-21T05:07:13","date_gmt":"2019-06-21T05:07:13","guid":{"rendered":"http:\/\/finnmarksarkivene.no\/?p=7467"},"modified":"2021-04-07T06:51:45","modified_gmt":"2021-04-07T06:51:45","slug":"varangerarkiver-pa-arkivportalen","status":"publish","type":"post","link":"https:\/\/finnmarksarkivene.no\/?p=7467","title":{"rendered":"Varangerarkiver er n\u00e5 p\u00e5 Arkivportalen"},"content":{"rendered":"<p><strong>Varangerarkiver er et prosjekt som ble startet opp av Varanger museum IKS og som er finansiert ved hjelp av utviklingsmidler fra Arkivverket og SNN-fondet. Arkivene som er oppbevart ved\u00a0 avdelinger i Vard\u00f8, Vads\u00f8 og Kirkenes skal ordnes, katalogiseres, registreres p\u00e5 Asta og publiseres p\u00e5 Arkivportalen. Arbeidet er godt i gang!<\/strong><!--more--><\/p>\n<p>De tre avdelingene ved Varanger museum har skaffet verkt\u00f8yet Asta som er et elektronisk system for registrering av historiske arkiver. Allerede i dag kan slektsforskere, forfattere, forskere, lokalhistorikere og andre arkivbrukere glede seg til \u00e5 finne et tyvetals av museets privatarkiv publisert p\u00e5 Arkivportalen. Arkivkatalogene til Brodtkorb Handel, Bussesundfergen, Vard\u00f8 turnforening og ni losjer knyttet til Godtemplarlosjene i \u00d8st-Finnmark\u00a0 ligger n\u00e5 oversiktlig og lett tilgjengelig og er uvurderlige hjelpemidler for brukere.<\/p>\n<p>Syv meter arkiv etter hj\u00f8rnesteinsbedriften Br\u00f8drene Aars\u00e6ther i Vard\u00f8 er under ordning, og publikum slipper straks til materialet som hovedsakelig er fra perioden ca 1925-1958.<\/p>\n<p>Og mer skal det bli!<\/p>\n<p>De tilgjengelige arkivene ved Varanger museum kan du se her:<\/p>\n<p><a href=\"https:\/\/www.arkivportalen.no\/search\/1?unitType=1000&amp;repository=VAMU\" target=\"_blank\" rel=\"noopener\">https:\/\/www.arkivportalen.no\/search\/1?unitType=1000&amp;repository=VAMU<\/a><\/p>\n<p>Mer om prosjektet Varangerarkiver:<\/p>\n<p><a href=\"https:\/\/www.varangermuseum.no\/vaarrengjoering\/\" target=\"_blank\" rel=\"noopener\">https:\/\/www.varangermuseum.no\/vaarrengjoering\/<\/a><\/p>\n<div id=\"attachment_7476\" style=\"width: 729px\" class=\"wp-caption aligncenter\"><a href=\"https:\/\/finnmarksarkivene.no\/wp-content\/uploads\/2019\/06\/Inger-Lene-og-Maria.png\"><img aria-describedby=\"caption-attachment-7476\" loading=\"lazy\" class=\"size-full wp-image-7476\" src=\"https:\/\/finnmarksarkivene.no\/wp-content\/uploads\/2019\/06\/Inger-Lene-og-Maria.png\" alt=\"\" width=\"719\" height=\"374\" srcset=\"https:\/\/finnmarksarkivene.no\/wp-content\/uploads\/2019\/06\/Inger-Lene-og-Maria.png 719w, https:\/\/finnmarksarkivene.no\/wp-content\/uploads\/2019\/06\/Inger-Lene-og-Maria-300x156.png 300w\" sizes=\"(max-width: 719px) 100vw, 719px\" \/><\/a><p id=\"caption-attachment-7476\" class=\"wp-caption-text\">Prosjektleder Inger Lene Nyttingnes (til h\u00f8yre) og formidler Maria Bertheussen Skrydstrup arbeider med \u00e5 gj\u00f8re arkiv synlig og tilgjengelig for bruk. Foto: Magne Henriksen.<\/p><\/div>\n<div id=\"attachment_7471\" style=\"width: 970px\" class=\"wp-caption aligncenter\"><a href=\"https:\/\/finnmarksarkivene.no\/wp-content\/uploads\/2019\/06\/BR.-Aars\u00e6ther-Vard\u00f8.jpg\"><img aria-describedby=\"caption-attachment-7471\" loading=\"lazy\" class=\"wp-image-7471 size-full\" src=\"https:\/\/finnmarksarkivene.no\/wp-content\/uploads\/2019\/06\/BR.-Aars\u00e6ther-Vard\u00f8.jpg\" alt=\"\" width=\"960\" height=\"946\" srcset=\"https:\/\/finnmarksarkivene.no\/wp-content\/uploads\/2019\/06\/BR.-Aars\u00e6ther-Vard\u00f8.jpg 960w, https:\/\/finnmarksarkivene.no\/wp-content\/uploads\/2019\/06\/BR.-Aars\u00e6ther-Vard\u00f8-300x296.jpg 300w, https:\/\/finnmarksarkivene.no\/wp-content\/uploads\/2019\/06\/BR.-Aars\u00e6ther-Vard\u00f8-768x757.jpg 768w\" sizes=\"(max-width: 960px) 100vw, 960px\" \/><\/a><p id=\"caption-attachment-7471\" class=\"wp-caption-text\">Foto: Varanger museum<\/p><\/div>\n<p>&nbsp;<\/p>\n","protected":false},"excerpt":{"rendered":"Varangerarkiver er et prosjekt som ble startet opp av Varanger museum IKS og som er finansiert ved hjelp av utviklingsmidler fra Arkivverket og SNN-fondet. Arkivene som er oppbevart ved\u00a0 avdelinger i Vard\u00f8, Vads\u00f8 og Kirkenes skal ordnes, katalogiseres, registreres p\u00e5 Asta og publiseres p\u00e5 Arkivportalen. Arbeidet er godt i gang!","protected":false},"author":1,"featured_media":7476,"comment_status":"closed","ping_status":"closed","sticky":false,"template":"","format":"standard","meta":[],"categories":[11],"tags":[],"_links":{"self":[{"href":"https:\/\/finnmarksarkivene.no\/index.php?rest_route=\/wp\/v2\/posts\/7467"}],"collection":[{"href":"https:\/\/finnmarksarkivene.no\/index.php?rest_route=\/wp\/v2\/posts"}],"about":[{"href":"https:\/\/finnmarksarkivene.no\/index.php?rest_route=\/wp\/v2\/types\/post"}],"author":[{"embeddable":true,"href":"https:\/\/finnmarksarkivene.no\/index.php?rest_route=\/wp\/v2\/users\/1"}],"replies":[{"embeddable":true,"href":"https:\/\/finnmarksarkivene.no\/index.php?rest_route=%2Fwp%2Fv2%2Fcomments&post=7467"}],"version-history":[{"count":18,"href":"https:\/\/finnmarksarkivene.no\/index.php?rest_route=\/wp\/v2\/posts\/7467\/revisions"}],"predecessor-version":[{"id":8138,"href":"https:\/\/finnmarksarkivene.no\/index.php?rest_route=\/wp\/v2\/posts\/7467\/revisions\/8138"}],"wp:featuredmedia":[{"embeddable":true,"href":"https:\/\/finnmarksarkivene.no\/index.php?rest_route=\/wp\/v2\/media\/7476"}],"wp:attachment":[{"href":"https:\/\/finnmarksarkivene.no\/index.php?rest_route=%2Fwp%2Fv2%2Fmedia&parent=7467"}],"wp:term":[{"taxonomy":"category","embeddable":true,"href":"https:\/\/finnmarksarkivene.no\/index.php?rest_route=%2Fwp%2Fv2%2Fcategories&post=7467"},{"taxonomy":"post_tag","embeddable":true,"href":"https:\/\/finnmarksarkivene.no\/index.php?rest_route=%2Fwp%2Fv2%2Ftags&post=7467"}],"curies":[{"name":"wp","href":"https:\/\/api.w.org\/{rel}","templated":true}]}}