{"id":75,"date":"2014-03-16T12:55:06","date_gmt":"2014-03-16T12:55:06","guid":{"rendered":"http:\/\/finnmarksarkivene.no\/?p=75"},"modified":"2022-10-19T06:03:36","modified_gmt":"2022-10-19T06:03:36","slug":"nettverkssamlinger","status":"publish","type":"post","link":"https:\/\/finnmarksarkivene.no\/?p=75","title":{"rendered":"Nettverkssamlinger \/ fagseminarer"},"content":{"rendered":"<p>Finnmarksarkivene har hatt fagseminar\/ fagsamlinger en gang i \u00e5ret. Hittil er det holdt fagseminar med tema\u00a0 i Lakselv (to ganger), Kautokeino, Vads\u00f8, Troms\u00f8 og Kirkenes.<!--more--><\/p>\n<p><b><span style=\"text-decoration: underline;\">Fagseminar og nettverksn\u00f8te i Troms\u00f8 25.-26.1.2023<\/span><\/b><\/p>\n<p><a href=\"https:\/\/finnmarksarkivene.no\/?p=8875\">Mer om seminaret<\/a><\/p>\n<p><b><span style=\"text-decoration: underline;\">Fagseminar \/ Samling i Lakselv i 2015<br \/><\/span><\/b><b><\/b>2.-3.6.2015<\/p>\n<p>Tema: Vi er ogs\u00e5 her! Synliggj\u00f8ring av glemte grupper<\/p>\n<ul>\n<li><a href=\"https:\/\/finnmarksarkivene.no\/wp-content\/uploads\/2014\/03\/Program-Lakselv-2.6.-3.6.15.pdf\" target=\"_blank\" rel=\"noopener\">Program Lakselv 2.6.-3.6.15<\/a><\/li>\n<li><a href=\"https:\/\/finnmarksarkivene.no\/wp-content\/uploads\/2014\/03\/Deltakerliste-2.pdf\" target=\"_blank\" rel=\"noopener\">Deltakerliste<\/a><\/li>\n<\/ul>\n<p><strong>Noen av presentasjonene kan du lese her:<\/strong><\/p>\n<p>Bente Sundsvold:<a href=\"https:\/\/finnmarksarkivene.no\/wp-content\/uploads\/2014\/03\/Bente-Sundsvold-.-Digital-og-muntlig-historiefortelling.pdf\" target=\"_blank\" rel=\"noopener\">\u00a0Digital og muntlig historiefortelling<\/a><\/p>\n<p>Ellen R\u00f8sj\u00f8:<a href=\"https:\/\/finnmarksarkivene.no\/wp-content\/uploads\/2014\/03\/Ellen-R\u00f8sj\u00f8-Bestands-og-samfunnsanalyse.pdf\" target=\"_blank\" rel=\"noopener\"> Bestands- og samfunnsanalyse<\/a><\/p>\n<p>Ellen R\u00f8sj\u00f8:<a href=\"https:\/\/finnmarksarkivene.no\/wp-content\/uploads\/2014\/03\/Ellen-R\u00f8sj\u00f8-Oslos-multikulturelle-arkiver.pdf\" target=\"_blank\" rel=\"noopener\"> Oslos multikulturelle arkiver<\/a><\/p>\n<p>Helge Pharo og Hanne Hagtvedt Vik:<a href=\"https:\/\/finnmarksarkivene.no\/wp-content\/uploads\/2014\/03\/Helge-Pharo-og-Hanne-Hagtvedt-Vik-Skape-kilder.pdf\" target=\"_blank\" rel=\"noopener\"> Skape kilder<\/a><\/p>\n<p>Sirkka Seljevold<a href=\"https:\/\/finnmarksarkivene.no\/wp-content\/uploads\/2014\/03\/Sirkka-Seljevold-Det-er-s\u00e5nne-ting-som-ber\u00f8rer.pdf\" target=\"_blank\" rel=\"noopener\">: Det er s\u00e5nne ting som ber\u00f8rer<\/a><\/p>\n<p>Gry Kristine Fors: <a href=\"https:\/\/finnmarksarkivene.no\/wp-content\/uploads\/2014\/03\/S\u00c1GASFALLAMAT-\u00c1IGGIID-\u010cA\u0110AT-DIALOG-I-TID-Gry-Kristine-Fors.pdf\" target=\"_blank\" rel=\"noopener\">S\u00c1GASFALLAMAT \u00c1IGGIID \u010cA\u0110AT &#8211; DIALOG I TID <\/a><\/p>\n<p><b><span style=\"text-decoration: underline;\">Fagseminar \/ Samling i Kirkenes i 2014<br \/><\/span><\/b>20.-21.5.2014<\/p>\n<p>Tema: Bevaring av immateriell kultur.<\/p>\n<ul>\n<li><strong><a href=\"https:\/\/finnmarksarkivene.no\/wp-content\/uploads\/2014\/03\/Program-Kirkenes-20.-21.5..pdf\" target=\"_blank\" rel=\"noopener noreferrer\">Program Kirkenes 20.-21.5<\/a><\/strong><\/li>\n<li><strong><a href=\"https:\/\/finnmarksarkivene.no\/wp-content\/uploads\/2014\/03\/P\u00e5melding.pdf\" target=\"_blank\" rel=\"noopener noreferrer\">P\u00e5melding<\/a><\/strong><\/li>\n<li><strong><a href=\"https:\/\/finnmarksarkivene.no\/wp-content\/uploads\/2014\/04\/Oassev\u00e1ldit.pdf\" target=\"_blank\" rel=\"noopener noreferrer\">Deltakerliste<\/a><\/strong><\/li>\n<li><a href=\"https:\/\/finnmarksarkivene.no\/wp-content\/uploads\/2014\/03\/Referat-fra-fagseminar-om-bevaring-av-immateriell-kultur-i-Kirkenes-201.pdf\" target=\"_blank\" rel=\"noopener noreferrer\"><strong>Referat<\/strong><\/a><\/li>\n<\/ul>\n<div id=\"attachment_2780\" style=\"width: 310px\" class=\"wp-caption alignright\"><a href=\"https:\/\/finnmarksarkivene.no\/wp-content\/uploads\/2014\/05\/Kirkenes-1-of-5.jpg\"><img aria-describedby=\"caption-attachment-2780\" loading=\"lazy\" class=\"size-medium wp-image-2780 \" src=\"https:\/\/finnmarksarkivene.no\/wp-content\/uploads\/2014\/05\/Kirkenes-1-of-5-300x207.jpg\" alt=\"Arkivkonferanse i Kirkenes 20.-21.5.2014\" width=\"300\" height=\"207\" srcset=\"https:\/\/finnmarksarkivene.no\/wp-content\/uploads\/2014\/05\/Kirkenes-1-of-5-300x207.jpg 300w, https:\/\/finnmarksarkivene.no\/wp-content\/uploads\/2014\/05\/Kirkenes-1-of-5.jpg 821w\" sizes=\"(max-width: 300px) 100vw, 300px\" \/><\/a><p id=\"caption-attachment-2780\" class=\"wp-caption-text\">Jurist Esben S\u00f8yland Bakjord forteller om \u00e5ndverksloven.<br \/>Foto: Hannele Fors<\/p><\/div>\n<p><strong>Presentasjonene kan du lese her<\/strong><\/p>\n<p>Haakon Vinje: <a href=\"https:\/\/finnmarksarkivene.no\/wp-content\/uploads\/2014\/05\/Haakon-Vinje_immateriell_kultur.pdf\" target=\"_blank\" rel=\"noopener noreferrer\">Kulturr\u00e5dets arbeid med immateriell kultur pdf<\/a><\/p>\n<p>Irene Andreassen: <a href=\"https:\/\/finnmarksarkivene.no\/wp-content\/uploads\/2014\/05\/Irene-Andreassen-Kvenske-stedsnavn-som-en-viktig-del-av-immateriell.pdf\" target=\"_blank\" rel=\"noopener noreferrer\">Kvenske stedsnavn som en viktig del av immateriell pdf<\/a><\/p>\n<p>Jonny Edvardsen: <a href=\"https:\/\/finnmarksarkivene.no\/wp-content\/uploads\/2014\/05\/Jonny-Edvardsen-Metadata-Kirkenes-v2.pdf\" target=\"_blank\" rel=\"noopener noreferrer\">Metadata for gjenfinning og bevaring pdf<\/a><\/p>\n<p>Alexander Lindb\u00e4ck: <a href=\"https:\/\/finnmarksarkivene.no\/wp-content\/uploads\/2014\/05\/Alexander-Lindb%C3%A4ck-Lyd-og-film.pdf\" target=\"_blank\" rel=\"noopener noreferrer\">Katalogisering av lyd og film ved Norsk Folkemuseum. pdf<\/a><\/p>\n<p>Grete Gunn Bergstr\u00f8m: <a href=\"https:\/\/finnmarksarkivene.no\/wp-content\/uploads\/2014\/05\/GreteGunnBergstrom-urfolks-immaterielle-kulturarv.pdf\" target=\"_blank\" rel=\"noopener noreferrer\">Urfolks immaterielle kulturarv ved S\u00e1mi Arkiiva pdf<\/a><\/p>\n<p>Ingvild B. Pettersen: <a href=\"https:\/\/finnmarksarkivene.no\/wp-content\/uploads\/2014\/05\/Digitalisering-av-lydfiler-fra-J.O.Nilsen-Nuorttanaste-arkivet.pdf\" target=\"_blank\" rel=\"noopener noreferrer\">Digitalisering av lydfiler fra J.O.Nilsen Nuorttanaste-arkivet pdf<br \/><\/a><\/p>\n<p><strong><span style=\"text-decoration: underline;\">Felles inspirasjonsseminar<\/span> for privatarkiv i Troms og Finnmark i 2013<\/strong><br \/>6. &#8211; 7. juni 2013<\/p>\n<div id=\"attachment_85\" style=\"width: 250px\" class=\"wp-caption alignright\"><a href=\"https:\/\/finnmarksarkivene.no\/wp-content\/uploads\/2014\/03\/Bes\u00f8k-i-statsarkivet_tegning-av-Neiden-kirke.jpg\"><img aria-describedby=\"caption-attachment-85\" loading=\"lazy\" class=\"size-medium wp-image-85\" src=\"https:\/\/finnmarksarkivene.no\/wp-content\/uploads\/2014\/03\/Bes\u00f8k-i-statsarkivet_tegning-av-Neiden-kirke-240x300.jpg\" alt=\"Statsarkivar Solbj\u00f8rg Fossheim Ellingsen viser frem tegninger til Neiden kirke. Foto: Hannele Fors.\" width=\"240\" height=\"300\" srcset=\"https:\/\/finnmarksarkivene.no\/wp-content\/uploads\/2014\/03\/Bes\u00f8k-i-statsarkivet_tegning-av-Neiden-kirke-240x300.jpg 240w, https:\/\/finnmarksarkivene.no\/wp-content\/uploads\/2014\/03\/Bes\u00f8k-i-statsarkivet_tegning-av-Neiden-kirke-820x1024.jpg 820w, https:\/\/finnmarksarkivene.no\/wp-content\/uploads\/2014\/03\/Bes\u00f8k-i-statsarkivet_tegning-av-Neiden-kirke.jpg 1602w\" sizes=\"(max-width: 240px) 100vw, 240px\" \/><\/a><p id=\"caption-attachment-85\" class=\"wp-caption-text\">Statsarkivar Solbj\u00f8rg Fossheim Ellingsen viser frem tegninger til Neiden kirke.<br \/>Foto: Hannele Fors.<\/p><\/div>\n<ul>\n<li><a href=\"https:\/\/finnmarksarkivene.no\/wp-content\/uploads\/2014\/03\/Program-1.pdf\" target=\"_blank\" rel=\"noopener noreferrer\">Program<\/a><\/li>\n<li><a href=\"https:\/\/finnmarksarkivene.no\/wp-content\/uploads\/2014\/03\/p\u00e5melding.pdf\" target=\"_blank\" rel=\"noopener noreferrer\">P\u00e5melding<\/a><\/li>\n<li><b><\/b><b><a href=\"https:\/\/finnmarksarkivene.no\/wp-content\/uploads\/2014\/03\/Deltakerliste.pdf\" target=\"_blank\" rel=\"noopener noreferrer\">Deltakerliste<\/a><br \/><\/b><\/li>\n<\/ul>\n<p><b><span style=\"text-decoration: underline;\">Fagseminar \/ Samling i Vads\u00f8 i 2012<\/span><\/b><br \/>31. mai -1. juni 2012<\/p>\n<ul>\n<li><a href=\"https:\/\/finnmarksarkivene.no\/wp-content\/uploads\/2014\/03\/Program-2.pdf\" target=\"_blank\" rel=\"noopener noreferrer\">Program<\/a><\/li>\n<li><a href=\"https:\/\/finnmarksarkivene.no\/wp-content\/uploads\/2014\/03\/Deltakere.pdf\" target=\"_blank\" rel=\"noopener noreferrer\">Deltakere<\/a><\/li>\n<li><a href=\"https:\/\/finnmarksarkivene.no\/wp-content\/uploads\/2014\/03\/Nettverkssamling-Referat-i-Vads\u00f8.pdf\" target=\"_blank\" rel=\"noopener noreferrer\">Referat<\/a><b><\/b><\/li>\n<li><b>Foredragene:<\/b><\/li>\n<\/ul>\n<p>Svein- Olaf Nilssen:<a href=\"https:\/\/finnmarksarkivene.no\/wp-content\/uploads\/2014\/03\/SONilssen-Avtaler-ved-mottak-av-arkiv-og-Innsyn-i-arkiv.pdf\" target=\"_blank\" rel=\"noopener\"> Avtaler ved mottak av arkiv og Innsyn i arkiv<\/a><\/p>\n<p>Reidun Laura Andreassen: <a href=\"https:\/\/finnmarksarkivene.no\/wp-content\/uploads\/2014\/03\/R.L.-Andreassen-Privatarkivene-i-den-nye-museumspalnen.pdf\" target=\"_blank\" rel=\"noopener\">Privatarkivene i den nye museumspalnen<\/a><\/p>\n<p>Monica Milch Gebhardt: <a href=\"https:\/\/finnmarksarkivene.no\/wp-content\/uploads\/2014\/03\/M.-M.-Gebhardt-Felles-l\u00f8ft-for-Finnmarkshistorien.pdf\" target=\"_blank\" rel=\"noopener\">Felles l\u00f8ft for Finnmarkshistorien<\/a><\/p>\n<p>Grete Gunn Bergstr\u00f8m:\u00a0<a href=\"https:\/\/finnmarksarkivene.no\/wp-content\/uploads\/2014\/03\/Grete-Gunn-Bergstr\u00f8m-Industrihistorie-p\u00e5-vidda-uten-lyd.pdf\" target=\"_blank\" rel=\"noopener\"> Industrihistorie p\u00e5 vidda (uten lyd)<\/a><\/p>\n<p>Roger Mjelde: <a href=\"https:\/\/finnmarksarkivene.no\/wp-content\/uploads\/2014\/03\/R.-Mjelde-Gulbrandsenarkivet_vadso010612.pdf\" target=\"_blank\" rel=\"noopener\">Gulbrandsenarkivet<\/a><\/p>\n<p>Helena Maliniemi: <a href=\"https:\/\/finnmarksarkivene.no\/wp-content\/uploads\/2014\/03\/Fra-arkivet-til-folket.pdf\" target=\"_blank\" rel=\"noopener\">Fra arkivet til folket<\/a><\/p>\n<p><b><span style=\"text-decoration: underline;\">Fagseminar \/ Samling i Kautokeino i 2011<br \/><\/span><\/b>9.-10. juni 2011<\/p>\n<ul>\n<li><a href=\"https:\/\/finnmarksarkivene.no\/wp-content\/uploads\/2014\/03\/Innkalling.pdf\" target=\"_blank\" rel=\"noopener noreferrer\">Innkalling<\/a><\/li>\n<li><a href=\"https:\/\/finnmarksarkivene.no\/wp-content\/uploads\/2014\/03\/Program-3.pdf\" target=\"_blank\" rel=\"noopener noreferrer\">Program<\/a><\/li>\n<li><a href=\"https:\/\/finnmarksarkivene.no\/wp-content\/uploads\/2014\/03\/Referat-fra-m\u00f8te-i-Nettverket-for-privatarkiv-i-Finnmark-i-Kautokeino-juni-2011.pdf\" target=\"_blank\" rel=\"noopener noreferrer\">Referat <\/a><\/li>\n<li><b><a href=\"https:\/\/finnmarksarkivene.no\/wp-content\/uploads\/2014\/03\/deltakerliste.pdf\" target=\"_blank\" rel=\"noopener noreferrer\">deltakerliste<\/a><a href=\"http:\/\/www.fm.fylkesbibl.no\/web\/images\/Deltakerliste_Kautokeino.pdf\"><br \/><\/a><\/b><\/li>\n<\/ul>\n<div id=\"attachment_2430\" style=\"width: 910px\" class=\"wp-caption aligncenter\"><a href=\"https:\/\/finnmarksarkivene.no\/wp-content\/uploads\/2014\/04\/Kautokeino1.jpg\"><img aria-describedby=\"caption-attachment-2430\" loading=\"lazy\" class=\"size-large wp-image-2430\" src=\"https:\/\/finnmarksarkivene.no\/wp-content\/uploads\/2014\/04\/Kautokeino1-1024x737.jpg\" alt=\"Bes\u00f8k i S\u00e1mi Arkiiva. Foto: Sonja Siltala\" width=\"900\" height=\"647\" srcset=\"https:\/\/finnmarksarkivene.no\/wp-content\/uploads\/2014\/04\/Kautokeino1-1024x737.jpg 1024w, https:\/\/finnmarksarkivene.no\/wp-content\/uploads\/2014\/04\/Kautokeino1-300x216.jpg 300w, https:\/\/finnmarksarkivene.no\/wp-content\/uploads\/2014\/04\/Kautokeino1.jpg 1205w\" sizes=\"(max-width: 900px) 100vw, 900px\" \/><\/a><p id=\"caption-attachment-2430\" class=\"wp-caption-text\">Bes\u00f8k i S\u00e1mi Arkiiva i forbindelse med seminaret i Kautokeino.<br \/>Foto: Sonja Siltala.<\/p><\/div>\n<p><strong>Fagseminar \/ Samling i Lakselv i 2010<\/strong><br \/><span style=\"line-height: 1.5em;\">25.-27. mai 2010<\/span><\/p>\n<ul>\n<li><a href=\"https:\/\/finnmarksarkivene.no\/wp-content\/uploads\/2014\/03\/Program-i-Lakselv-25.-27.5.pdf\" target=\"_blank\" rel=\"noopener noreferrer\">Program i Lakselv 25.-27.5<\/a><\/li>\n<li><a href=\"https:\/\/finnmarksarkivene.no\/wp-content\/uploads\/2014\/03\/Referat-fra-seminaret-i-Lakselv.pdf\" target=\"_blank\" rel=\"noopener noreferrer\">Referat <\/a><\/li>\n<li><b><b><a href=\"https:\/\/finnmarksarkivene.no\/wp-content\/uploads\/2014\/03\/Deltakerliste-1.pdf\" target=\"_blank\" rel=\"noopener noreferrer\">Deltakerliste<\/a><\/b><\/b><\/li>\n<\/ul>\n<div id=\"attachment_2432\" style=\"width: 910px\" class=\"wp-caption aligncenter\"><a href=\"https:\/\/finnmarksarkivene.no\/wp-content\/uploads\/2014\/04\/1-Arkivnettverkm\u00f8tet-Foto_Sonja_Siltala.jpg\"><img aria-describedby=\"caption-attachment-2432\" loading=\"lazy\" class=\"size-large wp-image-2432\" src=\"https:\/\/finnmarksarkivene.no\/wp-content\/uploads\/2014\/04\/1-Arkivnettverkm\u00f8tet-Foto_Sonja_Siltala-1024x655.jpg\" alt=\"M\u00f8te i Lakselv 2010. Foto: Sonja Siltala\" width=\"900\" height=\"575\" srcset=\"https:\/\/finnmarksarkivene.no\/wp-content\/uploads\/2014\/04\/1-Arkivnettverkm\u00f8tet-Foto_Sonja_Siltala-1024x655.jpg 1024w, https:\/\/finnmarksarkivene.no\/wp-content\/uploads\/2014\/04\/1-Arkivnettverkm\u00f8tet-Foto_Sonja_Siltala-300x192.jpg 300w, https:\/\/finnmarksarkivene.no\/wp-content\/uploads\/2014\/04\/1-Arkivnettverkm\u00f8tet-Foto_Sonja_Siltala.jpg 1260w\" sizes=\"(max-width: 900px) 100vw, 900px\" \/><\/a><p id=\"caption-attachment-2432\" class=\"wp-caption-text\">Seminaret og m\u00f8tet i Lakselv 2010.<br \/>Foto: Sonja Siltala<\/p><\/div>\n<p>\u00a0<\/p>\n<div id=\"attachment_2967\" style=\"width: 910px\" class=\"wp-caption aligncenter\"><a href=\"https:\/\/finnmarksarkivene.no\/wp-content\/uploads\/2014\/03\/Gjennomgang-av-bevarings-og-samhandlingsplaner.-_Foto_Sonja_Siltala.jpg\"><img aria-describedby=\"caption-attachment-2967\" loading=\"lazy\" class=\"size-large wp-image-2967\" src=\"https:\/\/finnmarksarkivene.no\/wp-content\/uploads\/2014\/03\/Gjennomgang-av-bevarings-og-samhandlingsplaner.-_Foto_Sonja_Siltala-1024x589.jpg\" alt=\"Gjennomgang av bevarings- og samhandlingsplaner. Foto: Sonja Siltala\" width=\"900\" height=\"517\" srcset=\"https:\/\/finnmarksarkivene.no\/wp-content\/uploads\/2014\/03\/Gjennomgang-av-bevarings-og-samhandlingsplaner.-_Foto_Sonja_Siltala-1024x589.jpg 1024w, https:\/\/finnmarksarkivene.no\/wp-content\/uploads\/2014\/03\/Gjennomgang-av-bevarings-og-samhandlingsplaner.-_Foto_Sonja_Siltala-300x172.jpg 300w, https:\/\/finnmarksarkivene.no\/wp-content\/uploads\/2014\/03\/Gjennomgang-av-bevarings-og-samhandlingsplaner.-_Foto_Sonja_Siltala.jpg 1260w\" sizes=\"(max-width: 900px) 100vw, 900px\" \/><\/a><p id=\"caption-attachment-2967\" class=\"wp-caption-text\">Gjennomgang av planarbeidet. Foto: Sonja Siltala<\/p><\/div>\n\n\n\n\n\n","protected":false},"excerpt":{"rendered":"Finnmarksarkivene har hatt fagseminar\/ fagsamlinger en gang i \u00e5ret. Hittil er det holdt fagseminar med tema\u00a0 i Lakselv (to ganger), Kautokeino, Vads\u00f8, Troms\u00f8 og Kirkenes.","protected":false},"author":2,"featured_media":85,"comment_status":"open","ping_status":"open","sticky":false,"template":"","format":"standard","meta":[],"categories":[18,11],"tags":[],"_links":{"self":[{"href":"https:\/\/finnmarksarkivene.no\/index.php?rest_route=\/wp\/v2\/posts\/75"}],"collection":[{"href":"https:\/\/finnmarksarkivene.no\/index.php?rest_route=\/wp\/v2\/posts"}],"about":[{"href":"https:\/\/finnmarksarkivene.no\/index.php?rest_route=\/wp\/v2\/types\/post"}],"author":[{"embeddable":true,"href":"https:\/\/finnmarksarkivene.no\/index.php?rest_route=\/wp\/v2\/users\/2"}],"replies":[{"embeddable":true,"href":"https:\/\/finnmarksarkivene.no\/index.php?rest_route=%2Fwp%2Fv2%2Fcomments&post=75"}],"version-history":[{"count":84,"href":"https:\/\/finnmarksarkivene.no\/index.php?rest_route=\/wp\/v2\/posts\/75\/revisions"}],"predecessor-version":[{"id":8885,"href":"https:\/\/finnmarksarkivene.no\/index.php?rest_route=\/wp\/v2\/posts\/75\/revisions\/8885"}],"wp:featuredmedia":[{"embeddable":true,"href":"https:\/\/finnmarksarkivene.no\/index.php?rest_route=\/wp\/v2\/media\/85"}],"wp:attachment":[{"href":"https:\/\/finnmarksarkivene.no\/index.php?rest_route=%2Fwp%2Fv2%2Fmedia&parent=75"}],"wp:term":[{"taxonomy":"category","embeddable":true,"href":"https:\/\/finnmarksarkivene.no\/index.php?rest_route=%2Fwp%2Fv2%2Fcategories&post=75"},{"taxonomy":"post_tag","embeddable":true,"href":"https:\/\/finnmarksarkivene.no\/index.php?rest_route=%2Fwp%2Fv2%2Ftags&post=75"}],"curies":[{"name":"wp","href":"https:\/\/api.w.org\/{rel}","templated":true}]}}