{"id":7530,"date":"2019-08-09T06:34:14","date_gmt":"2019-08-09T06:34:14","guid":{"rendered":"http:\/\/finnmarksarkivene.no\/?p=7530"},"modified":"2019-08-09T06:37:15","modified_gmt":"2019-08-09T06:37:15","slug":"sok-riksarkivrens-prosjekt-og-utviklingsmidler-2019","status":"publish","type":"post","link":"https:\/\/finnmarksarkivene.no\/?p=7530","title":{"rendered":"S\u00f8k Riksarkivarens prosjekt- og utviklingsmidler 2019"},"content":{"rendered":"<p>Arkivverket inviterer til s\u00f8knader om prosjekt- og utviklingsmidler til arkiv og dokumentasjonsforvaltning. S\u00f8knadsfrist 1. oktober 2019. <!--more--><\/p>\n<p>M\u00e5lgruppen er offentlige og private institusjoner som bevarer, tilgjengeliggj\u00f8r og formidler arkiv, faglige interesseorganisasjoner og andre akt\u00f8rer som arbeider med arkiv.<\/p>\n<p><strong>Innsatsomr\u00e5de 1: Privatarkiv<\/strong><\/p>\n<p>Det er mulig for arkivinstitusjoner, museer og bibliotek som bevarer og formidler arkiv \u00e5 s\u00f8ke om st\u00f8tte til samarbeidsprosjekter og enkeltvise prosjekter. Andre med form\u00e5l \u00e5 bevare og tilgjengeliggj\u00f8re arkiv kan ogs\u00e5 s\u00f8ke st\u00f8tte.<\/p>\n<p>Tiltak som f\u00e5r st\u00f8tte, skal v\u00e6re samordnet med de fylkeskoordinerende institusjonene for privatarkiv og med regionalt planarbeid p\u00e5 arkivfeltet. Det m\u00e5 redegj\u00f8res for dette i prosjekts\u00f8knaden.<\/p>\n<p>Utover de generelle kriteriene kan det for privatarkiv ogs\u00e5 s\u00f8kes om st\u00f8tte til:<\/p>\n<ul>\n<li>utarbeidelse av samordnings- og bevaringsplaner for privatarkiv<\/li>\n<li>konkrete bevarings- og sikringsaktiviteter for analoge og digitalt skapte privatarkiv<\/li>\n<\/ul>\n<p><strong>Innsatsomr\u00e5de 2: Dokumentasjonsforvaltning og arkiv i offentlige virksomheter<\/strong><\/p>\n<p>Det kan s\u00f8kes om st\u00f8tte til prosjekter med m\u00e5l om \u00e5 utvikle dokumentasjonsforvaltning og arkiv i offentlige virksomheter.<\/p>\n<p>Utover de generelle kriteriene som nevnt over kan det ogs\u00e5 s\u00f8kes st\u00f8tte til regional institusjonsutvikling for arkiv i sammenheng med kommunesammensl\u00e5inger og regionreformen.<\/p>\n<p>&nbsp;<\/p>\n<p>Les mer om generelle kriteriene:<\/p>\n<p><a href=\"https:\/\/www.arkivverket.no\/arkivutvikling\/utviklingsmidler-for-arkivsektoren\" target=\"_blank\" rel=\"noopener\">https:\/\/www.arkivverket.no\/arkivutvikling\/utviklingsmidler-for-arkivsektoren<\/a><\/p>\n<p>&nbsp;<\/p>\n<p><strong>Kontaktpersoner:<\/strong><\/p>\n<p><strong>Sigrun Rasmussen<\/strong><br \/>\nSpesialr\u00e5dgiver<br \/>\ne-post:\u00a0<u><a href=\"mailto:sigras@arkivverket.no\">sigras@arkivverket.no<\/a><\/u><br \/>\nTlf:\u00a0977 72 959<\/p>\n<p><strong>Anne Aune<\/strong><br \/>\nFagdirekt\u00f8r<br \/>\ne-post:\u00a0<a href=\"mailto:annaun@arkivverket.no\">annaun@arkivverket.no<\/a><br \/>\nTlf: 481 76\u00a0858<\/p>\n","protected":false},"excerpt":{"rendered":"Arkivverket inviterer til s\u00f8knader om prosjekt- og utviklingsmidler til arkiv og dokumentasjonsforvaltning. S\u00f8knadsfrist 1. oktober 2019.","protected":false},"author":1,"featured_media":5506,"comment_status":"closed","ping_status":"closed","sticky":false,"template":"","format":"standard","meta":[],"categories":[11],"tags":[],"_links":{"self":[{"href":"https:\/\/finnmarksarkivene.no\/index.php?rest_route=\/wp\/v2\/posts\/7530"}],"collection":[{"href":"https:\/\/finnmarksarkivene.no\/index.php?rest_route=\/wp\/v2\/posts"}],"about":[{"href":"https:\/\/finnmarksarkivene.no\/index.php?rest_route=\/wp\/v2\/types\/post"}],"author":[{"embeddable":true,"href":"https:\/\/finnmarksarkivene.no\/index.php?rest_route=\/wp\/v2\/users\/1"}],"replies":[{"embeddable":true,"href":"https:\/\/finnmarksarkivene.no\/index.php?rest_route=%2Fwp%2Fv2%2Fcomments&post=7530"}],"version-history":[{"count":4,"href":"https:\/\/finnmarksarkivene.no\/index.php?rest_route=\/wp\/v2\/posts\/7530\/revisions"}],"predecessor-version":[{"id":7534,"href":"https:\/\/finnmarksarkivene.no\/index.php?rest_route=\/wp\/v2\/posts\/7530\/revisions\/7534"}],"wp:featuredmedia":[{"embeddable":true,"href":"https:\/\/finnmarksarkivene.no\/index.php?rest_route=\/wp\/v2\/media\/5506"}],"wp:attachment":[{"href":"https:\/\/finnmarksarkivene.no\/index.php?rest_route=%2Fwp%2Fv2%2Fmedia&parent=7530"}],"wp:term":[{"taxonomy":"category","embeddable":true,"href":"https:\/\/finnmarksarkivene.no\/index.php?rest_route=%2Fwp%2Fv2%2Fcategories&post=7530"},{"taxonomy":"post_tag","embeddable":true,"href":"https:\/\/finnmarksarkivene.no\/index.php?rest_route=%2Fwp%2Fv2%2Ftags&post=7530"}],"curies":[{"name":"wp","href":"https:\/\/api.w.org\/{rel}","templated":true}]}}