{"id":7573,"date":"2019-09-04T13:32:52","date_gmt":"2019-09-04T13:32:52","guid":{"rendered":"http:\/\/finnmarksarkivene.no\/?p=7573"},"modified":"2022-02-01T13:48:59","modified_gmt":"2022-02-01T13:48:59","slug":"finnmarksarkivene-for-bedre-samhandling","status":"publish","type":"post","link":"https:\/\/finnmarksarkivene.no\/?p=7573","title":{"rendered":"Finnmarksarkivene for enda bedre samhandling"},"content":{"rendered":"<p>Finnmarksarkivene holdt sitt nettverksm\u00f8te 29.-30.8. i Samisk arkiv p\u00e5 Diehtosiida \/ Samisk vitenskapssenter i Kautokeino. Samhandling og arbeidsfordeling mellom akt\u00f8rene var tema for m\u00f8tet.<\/p>\n<p><!--more-->Det ble satt i gang arbeid med en ny revidert samhandlingsplan som erstatter planen fra 2010. Det ble diskutert hvordan akt\u00f8rene skal jobbe sammen videre i den nye regionen. Finnmarksarkivene anser det som naturlig \u00e5 samarbeide med akt\u00f8rene i Troms n\u00e5r det nye fylket er p\u00e5 plass.&nbsp;M\u00e5let er \u00e5 ta tak i viktige utfordringer som blir p\u00e5pekt i Regional bevaringsplan for privatarkiv i Finnmark 2017-2027. Slike utfordringer er mangelen p\u00e5 magasinplass, tilgjengeliggj\u00f8ring, digitalisering og kompetanse. Sp\u00f8rsm\u00e5let er hvordan arbeidet med privatarkiver i fylket kan utvikles til beste for brukerne og for akt\u00f8rene selv i fremtiden. Akt\u00f8rene utvekslet erfaring og tanker om bevaring og formidling.<\/p>\n<div id=\"attachment_7574\" style=\"width: 910px\" class=\"wp-caption aligncenter\"><a href=\"https:\/\/finnmarksarkivene.no\/wp-content\/uploads\/2019\/09\/Gruppebilde-n\u00e6rt-2.jpg\"><img aria-describedby=\"caption-attachment-7574\" loading=\"lazy\" class=\"wp-image-7574 size-large\" src=\"https:\/\/finnmarksarkivene.no\/wp-content\/uploads\/2019\/09\/Gruppebilde-n\u00e6rt-2-1024x768.jpg\" alt=\"\" width=\"900\" height=\"675\" srcset=\"https:\/\/finnmarksarkivene.no\/wp-content\/uploads\/2019\/09\/Gruppebilde-n\u00e6rt-2-1024x768.jpg 1024w, https:\/\/finnmarksarkivene.no\/wp-content\/uploads\/2019\/09\/Gruppebilde-n\u00e6rt-2-300x225.jpg 300w, https:\/\/finnmarksarkivene.no\/wp-content\/uploads\/2019\/09\/Gruppebilde-n\u00e6rt-2-768x576.jpg 768w, https:\/\/finnmarksarkivene.no\/wp-content\/uploads\/2019\/09\/Gruppebilde-n\u00e6rt-2.jpg 2048w\" sizes=\"(max-width: 900px) 100vw, 900px\" \/><\/a><p id=\"caption-attachment-7574\" class=\"wp-caption-text\">Hvordan kan vi i fellesskap l\u00f8se utfordringene for privatarkivarbeidet? Dette ble dr\u00f8ftet av deltakerne. Foran fra vestre: Claus A. Pettersen fra Tana og Varanger museumssiida, Inga Marja Steinfjell fra Samisk arkiv, Helena Maliniemi fra Finnmark fylkesbibliotek, Gunnhild S. Engstad fra IKA Finnmark, Lena Karlstr\u00f8m fra Alta museum, Tove Johansen fra Museene for kystkultur og gjenreisning IKS. Bak fra venstre: Inger Lene Nyttingnes fra Varangerarkiver, Synn\u00f8ve Fotland Eikevik fra Varanger museum IKS, Solbj\u00f8rg Ellingsen Fossheim fra Statsarkivet i Troms\u00f8 og Nils J\u00f8rgen Nyst\u00f8 fra Samisk arkiv. Foto: Diehtosiida.<\/p><\/div>\n<p>Andre saker som var p\u00e5 programmet: P\u00e5troppende direkt\u00f8ren for Samisk arkiv, Inga Marja Steinfjell holdte velkomsttalen. Claus A. Pettersen, samlingsansvarlig ved Tana museum, fortalte om privatarkivarbeid i deres institusjon. Han l\u00f8ftet frem arkivene etter Per Fokstad og lakseoppkj\u00f8per Lavde. Lena Karlstr\u00f8m, konservator ved Alta museum, gav oss innblikk i museets arbeid med privatarkiver. De er godt i gang med digitalisering av Folkeaksjonens arkiv. De har f\u00e5tt utviklingsmidler fra Riksarkivarens til prosjektet.<\/p>\n<div id=\"attachment_7577\" style=\"width: 910px\" class=\"wp-caption aligncenter\"><a href=\"https:\/\/finnmarksarkivene.no\/wp-content\/uploads\/2019\/09\/Claus-Foto-Inger-Lene.jpg\"><img aria-describedby=\"caption-attachment-7577\" loading=\"lazy\" class=\"size-large wp-image-7577\" src=\"https:\/\/finnmarksarkivene.no\/wp-content\/uploads\/2019\/09\/Claus-Foto-Inger-Lene-1024x576.jpg\" alt=\"\" width=\"900\" height=\"506\" srcset=\"https:\/\/finnmarksarkivene.no\/wp-content\/uploads\/2019\/09\/Claus-Foto-Inger-Lene-1024x576.jpg 1024w, https:\/\/finnmarksarkivene.no\/wp-content\/uploads\/2019\/09\/Claus-Foto-Inger-Lene-300x169.jpg 300w, https:\/\/finnmarksarkivene.no\/wp-content\/uploads\/2019\/09\/Claus-Foto-Inger-Lene-768x432.jpg 768w\" sizes=\"(max-width: 900px) 100vw, 900px\" \/><\/a><p id=\"caption-attachment-7577\" class=\"wp-caption-text\">Samlingsforvalter Claus A. Pettersen forteller om privatarkivene ved Tana museum. Foto: Inger Lene Nyttingnes.<\/p><\/div>\n<div id=\"attachment_7578\" style=\"width: 910px\" class=\"wp-caption aligncenter\"><a href=\"https:\/\/finnmarksarkivene.no\/wp-content\/uploads\/2019\/09\/Lena-fra-alta-Foto-Inger-Lene.jpg\"><img aria-describedby=\"caption-attachment-7578\" loading=\"lazy\" class=\"size-large wp-image-7578\" src=\"https:\/\/finnmarksarkivene.no\/wp-content\/uploads\/2019\/09\/Lena-fra-alta-Foto-Inger-Lene-1024x576.jpg\" alt=\"\" width=\"900\" height=\"506\" srcset=\"https:\/\/finnmarksarkivene.no\/wp-content\/uploads\/2019\/09\/Lena-fra-alta-Foto-Inger-Lene-1024x576.jpg 1024w, https:\/\/finnmarksarkivene.no\/wp-content\/uploads\/2019\/09\/Lena-fra-alta-Foto-Inger-Lene-300x169.jpg 300w, https:\/\/finnmarksarkivene.no\/wp-content\/uploads\/2019\/09\/Lena-fra-alta-Foto-Inger-Lene-768x432.jpg 768w\" sizes=\"(max-width: 900px) 100vw, 900px\" \/><\/a><p id=\"caption-attachment-7578\" class=\"wp-caption-text\">Konservator ved Alta museum, Lena Karlstr\u00f8m viser arkivstykker fra Folkeaksjonens arkiv. Et digitaliseringsprosjekt som har f\u00e5tt utviklingsmidler fra Riksarkivaren. Foto: Inger Lene Nyttingnes<\/p><\/div>\n<div id=\"attachment_7576\" style=\"width: 910px\" class=\"wp-caption aligncenter\"><a href=\"https:\/\/finnmarksarkivene.no\/wp-content\/uploads\/2019\/09\/IMG_7360.jpg\"><img aria-describedby=\"caption-attachment-7576\" loading=\"lazy\" class=\"size-large wp-image-7576\" src=\"https:\/\/finnmarksarkivene.no\/wp-content\/uploads\/2019\/09\/IMG_7360-1024x768.jpg\" alt=\"\" width=\"900\" height=\"675\" srcset=\"https:\/\/finnmarksarkivene.no\/wp-content\/uploads\/2019\/09\/IMG_7360-1024x768.jpg 1024w, https:\/\/finnmarksarkivene.no\/wp-content\/uploads\/2019\/09\/IMG_7360-300x225.jpg 300w, https:\/\/finnmarksarkivene.no\/wp-content\/uploads\/2019\/09\/IMG_7360-768x576.jpg 768w\" sizes=\"(max-width: 900px) 100vw, 900px\" \/><\/a><p id=\"caption-attachment-7576\" class=\"wp-caption-text\">Samhandling og arbeidsfordeling mellom akt\u00f8rene var tema for m\u00f8tet. Foto: Gunnhild S. Engstad<\/p><\/div>\n<div id=\"attachment_7583\" style=\"width: 910px\" class=\"wp-caption aligncenter\"><a href=\"https:\/\/finnmarksarkivene.no\/wp-content\/uploads\/2019\/09\/Hele-gjengen.jpg\"><img aria-describedby=\"caption-attachment-7583\" loading=\"lazy\" class=\"wp-image-7583 size-large\" src=\"https:\/\/finnmarksarkivene.no\/wp-content\/uploads\/2019\/09\/Hele-gjengen-e1567602575838-1024x768.jpg\" alt=\"\" width=\"900\" height=\"675\" srcset=\"https:\/\/finnmarksarkivene.no\/wp-content\/uploads\/2019\/09\/Hele-gjengen-e1567602575838-1024x768.jpg 1024w, https:\/\/finnmarksarkivene.no\/wp-content\/uploads\/2019\/09\/Hele-gjengen-e1567602575838-300x225.jpg 300w, https:\/\/finnmarksarkivene.no\/wp-content\/uploads\/2019\/09\/Hele-gjengen-e1567602575838-768x576.jpg 768w\" sizes=\"(max-width: 900px) 100vw, 900px\" \/><\/a><p id=\"caption-attachment-7583\" class=\"wp-caption-text\">Finnmarksarkivenes arbeidsgruppe diskuterer ivrig om hvordan privatarkivene skal bli best mulig for brukerne. Erfaringer og tanker om dette utveksles. Foto: Helena Maliniemi<\/p><\/div>\n<p>M\u00f8tedeltakerne fikk omvisning p\u00e5 Diehtosiida og Samisk arkiv. De ble kjent med unike arkivskatter fra det samiske samfunnet. P\u00e5 slutten av nettverksm\u00f8tet ble det holdt markering for statsarkivar Solbj\u00f8rg Ellingsen Fossheim som skal g\u00e5 av med pensjon. Hun var med p\u00e5 \u00e5 opprette nettverket i Lakselv i 2010. Hun har hatt en stor betydning for nettverkets arbeid.<\/p>\n<div id=\"attachment_7579\" style=\"width: 778px\" class=\"wp-caption aligncenter\"><a href=\"https:\/\/finnmarksarkivene.no\/wp-content\/uploads\/2019\/09\/Nils-J\u00f8rgen.jpg\"><img aria-describedby=\"caption-attachment-7579\" loading=\"lazy\" class=\"size-large wp-image-7579\" src=\"https:\/\/finnmarksarkivene.no\/wp-content\/uploads\/2019\/09\/Nils-J\u00f8rgen-768x1024.jpg\" alt=\"\" width=\"768\" height=\"1024\" srcset=\"https:\/\/finnmarksarkivene.no\/wp-content\/uploads\/2019\/09\/Nils-J\u00f8rgen-768x1024.jpg 768w, https:\/\/finnmarksarkivene.no\/wp-content\/uploads\/2019\/09\/Nils-J\u00f8rgen-225x300.jpg 225w, https:\/\/finnmarksarkivene.no\/wp-content\/uploads\/2019\/09\/Nils-J\u00f8rgen.jpg 1536w\" sizes=\"(max-width: 768px) 100vw, 768px\" \/><\/a><p id=\"caption-attachment-7579\" class=\"wp-caption-text\">Seniorr\u00e5dgiver Nils J\u00f8rgen Nyst\u00f8 viser frem skatter fra Samisk arkiv. Her forteller han om den f\u00f8rste utgaven av Sagat 21. desember 1956. Foto: Gunnhild S. Engstad<\/p><\/div>\n<div id=\"attachment_7580\" style=\"width: 910px\" class=\"wp-caption aligncenter\"><a href=\"https:\/\/finnmarksarkivene.no\/wp-content\/uploads\/2019\/09\/Samisk-arkiv.jpg\"><img aria-describedby=\"caption-attachment-7580\" loading=\"lazy\" class=\"wp-image-7580 size-large\" src=\"https:\/\/finnmarksarkivene.no\/wp-content\/uploads\/2019\/09\/Samisk-arkiv-e1567602593146-1024x768.jpg\" alt=\"\" width=\"900\" height=\"675\" srcset=\"https:\/\/finnmarksarkivene.no\/wp-content\/uploads\/2019\/09\/Samisk-arkiv-e1567602593146-1024x768.jpg 1024w, https:\/\/finnmarksarkivene.no\/wp-content\/uploads\/2019\/09\/Samisk-arkiv-e1567602593146-300x225.jpg 300w, https:\/\/finnmarksarkivene.no\/wp-content\/uploads\/2019\/09\/Samisk-arkiv-e1567602593146-768x576.jpg 768w\" sizes=\"(max-width: 900px) 100vw, 900px\" \/><\/a><p id=\"caption-attachment-7580\" class=\"wp-caption-text\">Det var mye interessant og spennende \u00e5 se i Samisk arkiv. Foto. Helena Maliniemi<\/p><\/div>\n<div id=\"attachment_7586\" style=\"width: 910px\" class=\"wp-caption aligncenter\"><a href=\"https:\/\/finnmarksarkivene.no\/wp-content\/uploads\/2019\/09\/IMG_20190829_160824.jpg\"><img aria-describedby=\"caption-attachment-7586\" loading=\"lazy\" class=\"wp-image-7586 size-large\" src=\"https:\/\/finnmarksarkivene.no\/wp-content\/uploads\/2019\/09\/IMG_20190829_160824-1024x768.jpg\" alt=\"\" width=\"900\" height=\"675\" srcset=\"https:\/\/finnmarksarkivene.no\/wp-content\/uploads\/2019\/09\/IMG_20190829_160824-1024x768.jpg 1024w, https:\/\/finnmarksarkivene.no\/wp-content\/uploads\/2019\/09\/IMG_20190829_160824-300x225.jpg 300w, https:\/\/finnmarksarkivene.no\/wp-content\/uploads\/2019\/09\/IMG_20190829_160824-768x576.jpg 768w\" sizes=\"(max-width: 900px) 100vw, 900px\" \/><\/a><p id=\"caption-attachment-7586\" class=\"wp-caption-text\">Fra utstillingen i forbindelse med lansering av den nordsamiske bibelen i bokform i august 2019. Utstillingen forteller at Lars Jacobsen H\u00e6tta fra Kautokeino oversatte deler av det nye testamentet til nordsamisk da han satt p\u00e5 Akershus festning, d\u00f8mt til d\u00f8den for sin rolle i Kautokeino-oppr\u00f8ret i 1852. Han ble frigitt fra fengsel for denne jobben. Manuskriptet ble ferdig i 1869, men ble ikke utgitt f\u00f8r 1874. Foto: Gunnhild S. Engstad<\/p><\/div>\n<div id=\"attachment_7581\" style=\"width: 910px\" class=\"wp-caption aligncenter\"><a href=\"https:\/\/finnmarksarkivene.no\/wp-content\/uploads\/2019\/09\/IMG_3143.jpg\"><img aria-describedby=\"caption-attachment-7581\" loading=\"lazy\" class=\"wp-image-7581 size-large\" src=\"https:\/\/finnmarksarkivene.no\/wp-content\/uploads\/2019\/09\/IMG_3143-e1567602610490-1024x768.jpg\" alt=\"\" width=\"900\" height=\"675\" srcset=\"https:\/\/finnmarksarkivene.no\/wp-content\/uploads\/2019\/09\/IMG_3143-e1567602610490-1024x768.jpg 1024w, https:\/\/finnmarksarkivene.no\/wp-content\/uploads\/2019\/09\/IMG_3143-e1567602610490-300x225.jpg 300w, https:\/\/finnmarksarkivene.no\/wp-content\/uploads\/2019\/09\/IMG_3143-e1567602610490-768x576.jpg 768w\" sizes=\"(max-width: 900px) 100vw, 900px\" \/><\/a><p id=\"caption-attachment-7581\" class=\"wp-caption-text\">Foto: Gunnhild S. Engstad<\/p><\/div>\n<div id=\"attachment_7584\" style=\"width: 910px\" class=\"wp-caption aligncenter\"><a href=\"https:\/\/finnmarksarkivene.no\/wp-content\/uploads\/2019\/09\/Utsmykking-Foto-Gunnhild.jpg\"><img aria-describedby=\"caption-attachment-7584\" loading=\"lazy\" class=\"size-large wp-image-7584\" src=\"https:\/\/finnmarksarkivene.no\/wp-content\/uploads\/2019\/09\/Utsmykking-Foto-Gunnhild-1024x768.jpg\" alt=\"\" width=\"900\" height=\"675\" srcset=\"https:\/\/finnmarksarkivene.no\/wp-content\/uploads\/2019\/09\/Utsmykking-Foto-Gunnhild-1024x768.jpg 1024w, https:\/\/finnmarksarkivene.no\/wp-content\/uploads\/2019\/09\/Utsmykking-Foto-Gunnhild-300x225.jpg 300w, https:\/\/finnmarksarkivene.no\/wp-content\/uploads\/2019\/09\/Utsmykking-Foto-Gunnhild-768x576.jpg 768w\" sizes=\"(max-width: 900px) 100vw, 900px\" \/><\/a><p id=\"caption-attachment-7584\" class=\"wp-caption-text\">Diehtosiida (Samisk vitenskapssenter) hvor Samisk arkiv er lokalisert er rikt utsmykket med samisk tradisjonelt kunstverk. Det fikk m\u00f8tedeltakerne kjennskap til under omvisningen, som dette kunstverk p\u00e5 veggen som illustrerer deler av en kofte. Foto: Gunnhild S. Engstad<\/p><\/div>\n<div id=\"attachment_7585\" style=\"width: 778px\" class=\"wp-caption aligncenter\"><a href=\"https:\/\/finnmarksarkivene.no\/wp-content\/uploads\/2019\/09\/Solbj\u00f8rg-f\u00e5r-gave.jpg\"><img aria-describedby=\"caption-attachment-7585\" loading=\"lazy\" class=\"size-large wp-image-7585\" src=\"https:\/\/finnmarksarkivene.no\/wp-content\/uploads\/2019\/09\/Solbj\u00f8rg-f\u00e5r-gave-768x1024.jpg\" alt=\"\" width=\"768\" height=\"1024\" srcset=\"https:\/\/finnmarksarkivene.no\/wp-content\/uploads\/2019\/09\/Solbj\u00f8rg-f\u00e5r-gave-768x1024.jpg 768w, https:\/\/finnmarksarkivene.no\/wp-content\/uploads\/2019\/09\/Solbj\u00f8rg-f\u00e5r-gave-225x300.jpg 225w\" sizes=\"(max-width: 768px) 100vw, 768px\" \/><\/a><p id=\"caption-attachment-7585\" class=\"wp-caption-text\">Fylkeskoordinator Helena Maliniemi overrekker bokgave til statsarkivar Solbj\u00f8rg Ellingsen Fossheim, som skal g\u00e5 av med pensjon. Foto: Gunnhild S. Engstad<\/p><\/div>\n","protected":false},"excerpt":{"rendered":"Finnmarksarkivene holdt sitt nettverksm\u00f8te 29.-30.8. i Samisk arkiv p\u00e5 Diehtosiida \/ Samisk vitenskapssenter i Kautokeino. Samhandling og arbeidsfordeling mellom akt\u00f8rene var tema for m\u00f8tet.","protected":false},"author":1,"featured_media":7574,"comment_status":"closed","ping_status":"closed","sticky":false,"template":"","format":"standard","meta":[],"categories":[11],"tags":[],"_links":{"self":[{"href":"https:\/\/finnmarksarkivene.no\/index.php?rest_route=\/wp\/v2\/posts\/7573"}],"collection":[{"href":"https:\/\/finnmarksarkivene.no\/index.php?rest_route=\/wp\/v2\/posts"}],"about":[{"href":"https:\/\/finnmarksarkivene.no\/index.php?rest_route=\/wp\/v2\/types\/post"}],"author":[{"embeddable":true,"href":"https:\/\/finnmarksarkivene.no\/index.php?rest_route=\/wp\/v2\/users\/1"}],"replies":[{"embeddable":true,"href":"https:\/\/finnmarksarkivene.no\/index.php?rest_route=%2Fwp%2Fv2%2Fcomments&post=7573"}],"version-history":[{"count":16,"href":"https:\/\/finnmarksarkivene.no\/index.php?rest_route=\/wp\/v2\/posts\/7573\/revisions"}],"predecessor-version":[{"id":8727,"href":"https:\/\/finnmarksarkivene.no\/index.php?rest_route=\/wp\/v2\/posts\/7573\/revisions\/8727"}],"wp:featuredmedia":[{"embeddable":true,"href":"https:\/\/finnmarksarkivene.no\/index.php?rest_route=\/wp\/v2\/media\/7574"}],"wp:attachment":[{"href":"https:\/\/finnmarksarkivene.no\/index.php?rest_route=%2Fwp%2Fv2%2Fmedia&parent=7573"}],"wp:term":[{"taxonomy":"category","embeddable":true,"href":"https:\/\/finnmarksarkivene.no\/index.php?rest_route=%2Fwp%2Fv2%2Fcategories&post=7573"},{"taxonomy":"post_tag","embeddable":true,"href":"https:\/\/finnmarksarkivene.no\/index.php?rest_route=%2Fwp%2Fv2%2Ftags&post=7573"}],"curies":[{"name":"wp","href":"https:\/\/api.w.org\/{rel}","templated":true}]}}