{"id":7612,"date":"2019-09-10T08:05:05","date_gmt":"2019-09-10T08:05:05","guid":{"rendered":"http:\/\/finnmarksarkivene.no\/?p=7612"},"modified":"2019-10-28T06:28:52","modified_gmt":"2019-10-28T06:28:52","slug":"finnmarku-arkiivvat-haliidit-buoret-ovttasbarggu","status":"publish","type":"post","link":"https:\/\/finnmarksarkivene.no\/?p=7612","title":{"rendered":"Finnm\u00e1rku-arkiivvat h\u00e1liidit buoret ovttasbarggu"},"content":{"rendered":"<p>Finnm\u00e1rku-arkiivvat l\u00e1gidedje \u010dak\u010dam\u00e1nu 29.-30.08.2019 fierpm\u00e1dat\u010doahkkima S\u00e1mi arkiivvas Diehtosiiddas, Guovdageaidnu. \u010coahkkima f\u00e1dd\u00e1n lei ovttasbargu ja bargojuogadeapmi.<!--more--><\/p>\n<p>Bargu \u00e1lggahuvvo o\u0111asmahttit jagi 2010 ovttasbargopl\u00e1na. \u010coahkkimis s\u00e1gastallojuvvui mo ovttasbarggu galgga\u0161ii \u010da\u0111ahit o\u0111\u0111a regiovnnas. Mihttomearri lea dustet daid h\u00e1stalusaid maidda \u201cRegional bevaringsplan for privatarkiv i Finnmark 2017-2027\u201d \u010dujuha. Muhtun \u010duolmmat\u00a0 leat omd. v\u00e1ileva\u0161 vurkensajit, \u010dalmmustahttin ja almmuheamit, digitaliseren ja gelbbola\u0161vuohta. Ga\u017ealdahkan lea mo fylkka priv\u00e1htaarkiivvaid galgga\u0161ii boahtte\u00e1iggis ovd\u00e1nahttit geavaheddjiide ja aktevrraide buoremussan. \u00a0Aktevrrat lonohalle\u00a0 v\u00e1s\u00e1husaid ja jurdagiid vurken- ja gaskkustandoaimmaid birra.<\/p>\n<div id=\"attachment_7574\" style=\"width: 910px\" class=\"wp-caption aligncenter\"><a href=\"https:\/\/finnmarksarkivene.no\/wp-content\/uploads\/2019\/09\/Gruppebilde-n\u00e6rt-2.jpg\"><img aria-describedby=\"caption-attachment-7574\" loading=\"lazy\" class=\"size-large wp-image-7574\" src=\"https:\/\/finnmarksarkivene.no\/wp-content\/uploads\/2019\/09\/Gruppebilde-n\u00e6rt-2-1024x768.jpg\" alt=\"\" width=\"900\" height=\"675\" srcset=\"https:\/\/finnmarksarkivene.no\/wp-content\/uploads\/2019\/09\/Gruppebilde-n\u00e6rt-2-1024x768.jpg 1024w, https:\/\/finnmarksarkivene.no\/wp-content\/uploads\/2019\/09\/Gruppebilde-n\u00e6rt-2-300x225.jpg 300w, https:\/\/finnmarksarkivene.no\/wp-content\/uploads\/2019\/09\/Gruppebilde-n\u00e6rt-2-768x576.jpg 768w, https:\/\/finnmarksarkivene.no\/wp-content\/uploads\/2019\/09\/Gruppebilde-n\u00e6rt-2.jpg 2048w\" sizes=\"(max-width: 900px) 100vw, 900px\" \/><\/a><p id=\"caption-attachment-7574\" class=\"wp-caption-text\">Mo s\u00e1httit mii ovttas \u010doavdit h\u00e1stalusaid mat gusket fylkka priv\u00e1htaarkiivabargui? Dan birra s\u00e1gastalle oassev\u00e1ldit, gurut r\u00e1vddas: Claus A. Pettersen, Deanu ja V\u00e1rjjat museasiida, Inga Marja Steinfjell, S\u00e1mi arkiiva, Helena Maliniemi, Finnm\u00e1rkku fylkkagirjer\u00e1dju, Gunnhild S. Engstad, IKA Finnm\u00e1rku, Lena Karlstr\u00f8m, \u00c1ltt\u00e1 musea, Tove Johansen \u2013 riddokultuvrra ja o\u0111\u0111asishuksen museat IKS, duog\u00e1bealde gurut r\u00e1vddas: Inger Lene Nyttingnes \u2013 V\u00e1rjjat-arkiivvat ja Synn\u00f8ve Fotland Eikevik \u2013 V\u00e1rjjat musea IKS, Solbj\u00f8rg Ellingsen Fossheim \u2013 St\u00e1htaarkiiva Romssas ja Nils J\u00f8rgen Nyst\u00f8 \u2013 S\u00e1mi arkiiva. Govva: Diehtosiida.<\/p><\/div>\n<p>Progr\u00e1mmas ledje maid ear\u00e1 \u00e1\u0161\u0161it: S\u00e1mi arkiivva o\u0111\u0111a direktevra, Inga Marja Steinfjell doalai vuost\u00e1iv\u00e1ldins\u00e1rtni. Claus A. Pettersen, Deanu musea \u010doakk\u00e1ldath\u00e1ldda\u0161eaddji, muitalii mo sii doaimmahit priv\u00e1htaarkiivvaid. Son deattuhii erenoam\u00e1\u017eit Per Fokstad ja luossaoasti Lavde arkiivvaid. Lena Karlstr\u00f8m, \u00c1ltt\u00e1 musea konserv\u00e1htor, \u010dilgii fas mo sin musea doaimmaha priv\u00e1htaarkiivvaid, erenoam\u00e1\u017eit \u00c1lbmotak\u0161uvnna arkiivva digitaliserenpro\u0161eavtta mii lea bures lihkostuvvan, Riikkaarkiv\u00e1ra ovd\u00e1nahttinruhtaveahki bokte.<\/p>\n<div id=\"attachment_7577\" style=\"width: 910px\" class=\"wp-caption aligncenter\"><a href=\"https:\/\/finnmarksarkivene.no\/wp-content\/uploads\/2019\/09\/Claus-Foto-Inger-Lene.jpg\"><img aria-describedby=\"caption-attachment-7577\" loading=\"lazy\" class=\"size-large wp-image-7577\" src=\"https:\/\/finnmarksarkivene.no\/wp-content\/uploads\/2019\/09\/Claus-Foto-Inger-Lene-1024x576.jpg\" alt=\"\" width=\"900\" height=\"506\" srcset=\"https:\/\/finnmarksarkivene.no\/wp-content\/uploads\/2019\/09\/Claus-Foto-Inger-Lene-1024x576.jpg 1024w, https:\/\/finnmarksarkivene.no\/wp-content\/uploads\/2019\/09\/Claus-Foto-Inger-Lene-300x169.jpg 300w, https:\/\/finnmarksarkivene.no\/wp-content\/uploads\/2019\/09\/Claus-Foto-Inger-Lene-768x432.jpg 768w\" sizes=\"(max-width: 900px) 100vw, 900px\" \/><\/a><p id=\"caption-attachment-7577\" class=\"wp-caption-text\">\u010coakk\u00e1ldath\u00e1ldda\u0161eaddji Claus A. Pettersen muitaleamen Deanu musea priv\u00e1htaarkiivvaid birra. Govva: Inger Lene Nyttingnes.<\/p><\/div>\n<div id=\"attachment_7578\" style=\"width: 910px\" class=\"wp-caption aligncenter\"><a href=\"https:\/\/finnmarksarkivene.no\/wp-content\/uploads\/2019\/09\/Lena-fra-alta-Foto-Inger-Lene.jpg\"><img aria-describedby=\"caption-attachment-7578\" loading=\"lazy\" class=\"size-large wp-image-7578\" src=\"https:\/\/finnmarksarkivene.no\/wp-content\/uploads\/2019\/09\/Lena-fra-alta-Foto-Inger-Lene-1024x576.jpg\" alt=\"\" width=\"900\" height=\"506\" srcset=\"https:\/\/finnmarksarkivene.no\/wp-content\/uploads\/2019\/09\/Lena-fra-alta-Foto-Inger-Lene-1024x576.jpg 1024w, https:\/\/finnmarksarkivene.no\/wp-content\/uploads\/2019\/09\/Lena-fra-alta-Foto-Inger-Lene-300x169.jpg 300w, https:\/\/finnmarksarkivene.no\/wp-content\/uploads\/2019\/09\/Lena-fra-alta-Foto-Inger-Lene-768x432.jpg 768w\" sizes=\"(max-width: 900px) 100vw, 900px\" \/><\/a><p id=\"caption-attachment-7578\" class=\"wp-caption-text\">\u00c1ltt\u00e1 musea konserv\u00e1htor Lena Karlstr\u00f8m \u010d\u00e1jeha govaid \u00c1lbmotak\u0161uvnna arkiivvas mainna digitaliserenpro\u0161eakta lea bures lihkostuvvan, Riikkaarkiv\u00e1ra ovd\u00e1nahttinruhtavehkiin. Govva: Inger Lene Nyttingnes.<\/p><\/div>\n<div id=\"attachment_7576\" style=\"width: 910px\" class=\"wp-caption aligncenter\"><a href=\"https:\/\/finnmarksarkivene.no\/wp-content\/uploads\/2019\/09\/IMG_7360.jpg\"><img aria-describedby=\"caption-attachment-7576\" loading=\"lazy\" class=\"size-large wp-image-7576\" src=\"https:\/\/finnmarksarkivene.no\/wp-content\/uploads\/2019\/09\/IMG_7360-1024x768.jpg\" alt=\"\" width=\"900\" height=\"675\" srcset=\"https:\/\/finnmarksarkivene.no\/wp-content\/uploads\/2019\/09\/IMG_7360-1024x768.jpg 1024w, https:\/\/finnmarksarkivene.no\/wp-content\/uploads\/2019\/09\/IMG_7360-300x225.jpg 300w, https:\/\/finnmarksarkivene.no\/wp-content\/uploads\/2019\/09\/IMG_7360-768x576.jpg 768w\" sizes=\"(max-width: 900px) 100vw, 900px\" \/><\/a><p id=\"caption-attachment-7576\" class=\"wp-caption-text\">Ovttasbargu ja bargojuogadeapmi aktevrraid gaskka lei \u010doahkkima f\u00e1dd\u00e1n. Govva: Gunnhild S. Engstad<\/p><\/div>\n<div id=\"attachment_7583\" style=\"width: 910px\" class=\"wp-caption aligncenter\"><a href=\"https:\/\/finnmarksarkivene.no\/wp-content\/uploads\/2019\/09\/Hele-gjengen-e1567602575838.jpg\"><img aria-describedby=\"caption-attachment-7583\" loading=\"lazy\" class=\"size-large wp-image-7583\" src=\"https:\/\/finnmarksarkivene.no\/wp-content\/uploads\/2019\/09\/Hele-gjengen-e1567602575838-1024x768.jpg\" alt=\"\" width=\"900\" height=\"675\" srcset=\"https:\/\/finnmarksarkivene.no\/wp-content\/uploads\/2019\/09\/Hele-gjengen-e1567602575838-1024x768.jpg 1024w, https:\/\/finnmarksarkivene.no\/wp-content\/uploads\/2019\/09\/Hele-gjengen-e1567602575838-300x225.jpg 300w, https:\/\/finnmarksarkivene.no\/wp-content\/uploads\/2019\/09\/Hele-gjengen-e1567602575838-768x576.jpg 768w\" sizes=\"(max-width: 900px) 100vw, 900px\" \/><\/a><p id=\"caption-attachment-7583\" class=\"wp-caption-text\">Finnm\u00e1rku-arkiivvaid bargojoavku s\u00e1gastallet \u00e1\u014bgirit mo priv\u00e1htaarkiivvaid galgga\u0161ii \u010dalmmustahttit geavaheddjiide buoremussan. Dan birra ledje ollu oaivilat ja v\u00e1s\u00e1huslonohallamat. Govva: Helena Maliniemi<\/p><\/div>\n<p>\u010coahkkima oassev\u00e1lddiide l\u00e1giduvvui maid ofelastin sihke Diehtosiiddas ja S\u00e1mi arkiivvas. Sii besse geah\u010dadit erenoam\u00e1\u0161 arkiivavuorkk\u00e1id s\u00e1mi servodateallimis. Fierpm\u00e1dat\u010doahkkima loahpas lei guoimmuheapmi dan oktavuo\u0111as go st\u00e1hta\u00e1rkiv\u00e1ra Solbj\u00f8rg Ellingsen Fossheim gii lea leama\u0161 guhkit\u00e1ig\u00e1sa\u0161 fierpm\u00e1datmiellahttu \u00e1igu mannat eal\u00e1hahkii. Son lei mielde \u00e1lggaheamen fierpm\u00e1daga Leavnnjas jagi 2010. Sus lea leama\u0161 stuora mearkka\u0161upmi neahttafierpm\u00e1daga bargui.<\/p>\n<div id=\"attachment_7579\" style=\"width: 778px\" class=\"wp-caption aligncenter\"><a href=\"https:\/\/finnmarksarkivene.no\/wp-content\/uploads\/2019\/09\/Nils-J\u00f8rgen.jpg\"><img aria-describedby=\"caption-attachment-7579\" loading=\"lazy\" class=\"size-large wp-image-7579\" src=\"https:\/\/finnmarksarkivene.no\/wp-content\/uploads\/2019\/09\/Nils-J\u00f8rgen-768x1024.jpg\" alt=\"\" width=\"768\" height=\"1024\" srcset=\"https:\/\/finnmarksarkivene.no\/wp-content\/uploads\/2019\/09\/Nils-J\u00f8rgen-768x1024.jpg 768w, https:\/\/finnmarksarkivene.no\/wp-content\/uploads\/2019\/09\/Nils-J\u00f8rgen-225x300.jpg 225w, https:\/\/finnmarksarkivene.no\/wp-content\/uploads\/2019\/09\/Nils-J\u00f8rgen.jpg 1536w\" sizes=\"(max-width: 768px) 100vw, 768px\" \/><\/a><p id=\"caption-attachment-7579\" class=\"wp-caption-text\">Seniorr\u00e1\u0111\u0111eaddi Nils J\u00f8rgen Nyst\u00f8 \u010d\u00e1jeheamen S\u00e1mi arkiivva vuorkk\u00e1id. Son muitala d\u00e1s S\u00e1gat vuosttas aviissa birra mii almmuhuvvui juovlam\u00e1nu 21.b. 1956. Govva: Gunnhild S. Engstad<\/p><\/div>\n<div id=\"attachment_7580\" style=\"width: 910px\" class=\"wp-caption aligncenter\"><a href=\"https:\/\/finnmarksarkivene.no\/wp-content\/uploads\/2019\/09\/Samisk-arkiv-e1567602593146.jpg\"><img aria-describedby=\"caption-attachment-7580\" loading=\"lazy\" class=\"size-large wp-image-7580\" src=\"https:\/\/finnmarksarkivene.no\/wp-content\/uploads\/2019\/09\/Samisk-arkiv-e1567602593146-1024x768.jpg\" alt=\"\" width=\"900\" height=\"675\" srcset=\"https:\/\/finnmarksarkivene.no\/wp-content\/uploads\/2019\/09\/Samisk-arkiv-e1567602593146-1024x768.jpg 1024w, https:\/\/finnmarksarkivene.no\/wp-content\/uploads\/2019\/09\/Samisk-arkiv-e1567602593146-300x225.jpg 300w, https:\/\/finnmarksarkivene.no\/wp-content\/uploads\/2019\/09\/Samisk-arkiv-e1567602593146-768x576.jpg 768w\" sizes=\"(max-width: 900px) 100vw, 900px\" \/><\/a><p id=\"caption-attachment-7580\" class=\"wp-caption-text\">S\u00e1mi arkiivvas beasai oaidnit ollu miellagiddeva\u0161 ja gelddola\u0161 \u00e1\u0161\u0161iid. Govva: Helena Maliniemi<\/p><\/div>\n<div id=\"attachment_7586\" style=\"width: 910px\" class=\"wp-caption aligncenter\"><a href=\"https:\/\/finnmarksarkivene.no\/wp-content\/uploads\/2019\/09\/IMG_20190829_160824.jpg\"><img aria-describedby=\"caption-attachment-7586\" loading=\"lazy\" class=\"size-large wp-image-7586\" src=\"https:\/\/finnmarksarkivene.no\/wp-content\/uploads\/2019\/09\/IMG_20190829_160824-1024x768.jpg\" alt=\"\" width=\"900\" height=\"675\" srcset=\"https:\/\/finnmarksarkivene.no\/wp-content\/uploads\/2019\/09\/IMG_20190829_160824-1024x768.jpg 1024w, https:\/\/finnmarksarkivene.no\/wp-content\/uploads\/2019\/09\/IMG_20190829_160824-300x225.jpg 300w, https:\/\/finnmarksarkivene.no\/wp-content\/uploads\/2019\/09\/IMG_20190829_160824-768x576.jpg 768w\" sizes=\"(max-width: 900px) 100vw, 900px\" \/><\/a><p id=\"caption-attachment-7586\" class=\"wp-caption-text\">\u010c\u00e1j\u00e1lmasas dan oktavuo\u0111as go o\u0111\u0111a davvis\u00e1megiel Biibal almmuhuvvo girjin borgem\u00e1nus 2019. \u010c\u00e1j\u00e1lmasas muitaluvvo ahte Lars Jacobsen H\u00e6tta, Guovdageainnus eret jorgalii osiid o\u0111\u0111a testamenttes davvis\u00e1megillii dalle go son lei giddagasas Akershus ladnis. Son lei mielde Guovdageainnu stuimmiin 1852:s, man dihtii dubmejuvvui j\u00e1pmimii. Son beasai giddagasas jorgalanbarggu gea\u017eil. Jorgalanbargu v\u00e1lmma\u0161tuvvui 1869:s, muhto dat ii almmuhuvvon ovdalgo 1874:s. Govva: Gunnhild S. Engstad<\/p><\/div>\n<div id=\"attachment_7584\" style=\"width: 910px\" class=\"wp-caption aligncenter\"><a href=\"https:\/\/finnmarksarkivene.no\/wp-content\/uploads\/2019\/09\/Utsmykking-Foto-Gunnhild.jpg\"><img aria-describedby=\"caption-attachment-7584\" loading=\"lazy\" class=\"size-large wp-image-7584\" src=\"https:\/\/finnmarksarkivene.no\/wp-content\/uploads\/2019\/09\/Utsmykking-Foto-Gunnhild-1024x768.jpg\" alt=\"\" width=\"900\" height=\"675\" srcset=\"https:\/\/finnmarksarkivene.no\/wp-content\/uploads\/2019\/09\/Utsmykking-Foto-Gunnhild-1024x768.jpg 1024w, https:\/\/finnmarksarkivene.no\/wp-content\/uploads\/2019\/09\/Utsmykking-Foto-Gunnhild-300x225.jpg 300w, https:\/\/finnmarksarkivene.no\/wp-content\/uploads\/2019\/09\/Utsmykking-Foto-Gunnhild-768x576.jpg 768w\" sizes=\"(max-width: 900px) 100vw, 900px\" \/><\/a><p id=\"caption-attachment-7584\" class=\"wp-caption-text\">Diehtosiida (s\u00e1mi die\u0111aguovdd\u00e1\u0161) gos S\u00e1mi arkiivva doaimmahat lea, lea \u010di\u014bahuvvon ollu s\u00e1mi \u00e1rbevirola\u0161 d\u00e1iddadujiiguin. Oassev\u00e1ldit besse daid n\u00e1vdda\u0161it ofelastimis, ja d\u00e1s oaidnit seaidned\u00e1idaga mii govvida ie\u0161gu\u0111et g\u00e1kteosiid. Govva: Gunnhild S. Engstad<\/p><\/div>\n<div id=\"attachment_7581\" style=\"width: 910px\" class=\"wp-caption aligncenter\"><a href=\"https:\/\/finnmarksarkivene.no\/wp-content\/uploads\/2019\/09\/IMG_3143-e1567602610490.jpg\"><img aria-describedby=\"caption-attachment-7581\" loading=\"lazy\" class=\"size-large wp-image-7581\" src=\"https:\/\/finnmarksarkivene.no\/wp-content\/uploads\/2019\/09\/IMG_3143-e1567602610490-1024x768.jpg\" alt=\"\" width=\"900\" height=\"675\" srcset=\"https:\/\/finnmarksarkivene.no\/wp-content\/uploads\/2019\/09\/IMG_3143-e1567602610490-1024x768.jpg 1024w, https:\/\/finnmarksarkivene.no\/wp-content\/uploads\/2019\/09\/IMG_3143-e1567602610490-300x225.jpg 300w, https:\/\/finnmarksarkivene.no\/wp-content\/uploads\/2019\/09\/IMG_3143-e1567602610490-768x576.jpg 768w\" sizes=\"(max-width: 900px) 100vw, 900px\" \/><\/a><p id=\"caption-attachment-7581\" class=\"wp-caption-text\">Govva: Gunnhild S. Engstad<\/p><\/div>\n<div id=\"attachment_7585\" style=\"width: 778px\" class=\"wp-caption aligncenter\"><a href=\"https:\/\/finnmarksarkivene.no\/wp-content\/uploads\/2019\/09\/Solbj\u00f8rg-f\u00e5r-gave.jpg\"><img aria-describedby=\"caption-attachment-7585\" loading=\"lazy\" class=\"size-large wp-image-7585\" src=\"https:\/\/finnmarksarkivene.no\/wp-content\/uploads\/2019\/09\/Solbj\u00f8rg-f\u00e5r-gave-768x1024.jpg\" alt=\"\" width=\"768\" height=\"1024\" srcset=\"https:\/\/finnmarksarkivene.no\/wp-content\/uploads\/2019\/09\/Solbj\u00f8rg-f\u00e5r-gave-768x1024.jpg 768w, https:\/\/finnmarksarkivene.no\/wp-content\/uploads\/2019\/09\/Solbj\u00f8rg-f\u00e5r-gave-225x300.jpg 225w\" sizes=\"(max-width: 768px) 100vw, 768px\" \/><\/a><p id=\"caption-attachment-7585\" class=\"wp-caption-text\">Fylkkakoordin\u00e1htor Helena Maliniemi add\u00e1 girjeskea\u014bkka st\u00e1htaarkiv\u00e1rai Solbj\u00f8rg Ellingsen Fossheim, gii mann\u00e1 eal\u00e1hahkii. Govva: Gunnhild S. Engstad<\/p><\/div>\n","protected":false},"excerpt":{"rendered":"Finnm\u00e1rku-arkiivvat l\u00e1gidedje \u010dak\u010dam\u00e1nu 29.-30.08.2019 fierpm\u00e1dat\u010doahkkima S\u00e1mi arkiivvas Diehtosiiddas, Guovdageaidnu. \u010coahkkima f\u00e1dd\u00e1n lei ovttasbargu ja bargojuogadeapmi.","protected":false},"author":1,"featured_media":7574,"comment_status":"closed","ping_status":"closed","sticky":false,"template":"","format":"standard","meta":[],"categories":[11,4],"tags":[],"_links":{"self":[{"href":"https:\/\/finnmarksarkivene.no\/index.php?rest_route=\/wp\/v2\/posts\/7612"}],"collection":[{"href":"https:\/\/finnmarksarkivene.no\/index.php?rest_route=\/wp\/v2\/posts"}],"about":[{"href":"https:\/\/finnmarksarkivene.no\/index.php?rest_route=\/wp\/v2\/types\/post"}],"author":[{"embeddable":true,"href":"https:\/\/finnmarksarkivene.no\/index.php?rest_route=\/wp\/v2\/users\/1"}],"replies":[{"embeddable":true,"href":"https:\/\/finnmarksarkivene.no\/index.php?rest_route=%2Fwp%2Fv2%2Fcomments&post=7612"}],"version-history":[{"count":1,"href":"https:\/\/finnmarksarkivene.no\/index.php?rest_route=\/wp\/v2\/posts\/7612\/revisions"}],"predecessor-version":[{"id":7613,"href":"https:\/\/finnmarksarkivene.no\/index.php?rest_route=\/wp\/v2\/posts\/7612\/revisions\/7613"}],"wp:featuredmedia":[{"embeddable":true,"href":"https:\/\/finnmarksarkivene.no\/index.php?rest_route=\/wp\/v2\/media\/7574"}],"wp:attachment":[{"href":"https:\/\/finnmarksarkivene.no\/index.php?rest_route=%2Fwp%2Fv2%2Fmedia&parent=7612"}],"wp:term":[{"taxonomy":"category","embeddable":true,"href":"https:\/\/finnmarksarkivene.no\/index.php?rest_route=%2Fwp%2Fv2%2Fcategories&post=7612"},{"taxonomy":"post_tag","embeddable":true,"href":"https:\/\/finnmarksarkivene.no\/index.php?rest_route=%2Fwp%2Fv2%2Ftags&post=7612"}],"curies":[{"name":"wp","href":"https:\/\/api.w.org\/{rel}","templated":true}]}}