{"id":7637,"date":"2019-10-14T07:26:19","date_gmt":"2019-10-14T07:26:19","guid":{"rendered":"http:\/\/finnmarksarkivene.no\/?p=7637"},"modified":"2019-10-30T11:34:23","modified_gmt":"2019-10-30T11:34:23","slug":"arkivdagen-i-vadso-den-dramatiske-finnmarkshosten-i-1944","status":"publish","type":"post","link":"https:\/\/finnmarksarkivene.no\/?p=7637","title":{"rendered":"Arkivdagen 2019 i Vads\u00f8 &#8211; Den dramatiske finnmarksh\u00f8sten i 1944"},"content":{"rendered":"<p>Velkommen til Arkivdagen 7.11. 2019 kl. 18 p\u00e5 Finnmark fylkesbibliotek og Vads\u00f8 bibliotek. <!--more--><\/p>\n<p>\u00c5rets tema er frigj\u00f8ringen av \u00d8st-Finnmark for 75 \u00e5r siden. Det vises gjemt, glemt og ikke tidligere publisert dokumentasjon fra Rune Rautios og Alf Nestor Bergstads samlinger. Rune Rautio forteller om sitt krigshistorisk arkiv.<\/p>\n<p><strong><a href=\"https:\/\/finnmarksarkivene.no\/wp-content\/uploads\/2019\/10\/Logo-Arkivdagen-2019.jpg\"><img loading=\"lazy\" class=\"alignleft size-thumbnail wp-image-7641\" src=\"https:\/\/finnmarksarkivene.no\/wp-content\/uploads\/2019\/10\/Logo-Arkivdagen-2019-150x150.jpg\" alt=\"\" width=\"150\" height=\"150\" \/><\/a>Program<\/strong><\/p>\n<p>Rune Rautio holder et foredrag om h\u00f8sten 1944 i \u00d8st-Finnmark. Han forteller med fotografier, kart og utdrag fra rapporter og dagb\u00f8ker om hva som hendte og stemningen i oktober-november 1944.<\/p>\n<p>\u00c5pning av utstilling som viser fotografier Rune Rautios og Alf Nestor Bergstads krigshistoriske samlinger.<\/p>\n<p>Gratis inngang. Enkel bevertning.<\/p>\n<p><a href=\"https:\/\/finnmarksarkivene.no\/wp-content\/uploads\/2019\/10\/Arkivdagen-plakat-2019.pdf\">Arkivdagen plakat 2019<\/a><\/p>\n<p>St\u00f8ttet av:<\/p>\n<p><a href=\"https:\/\/finnmarksarkivene.no\/wp-content\/uploads\/2019\/10\/Logo-Fritt-ord.jpg\"><img loading=\"lazy\" class=\"alignleft size-full wp-image-7640\" src=\"https:\/\/finnmarksarkivene.no\/wp-content\/uploads\/2019\/10\/Logo-Fritt-ord.jpg\" alt=\"\" width=\"127\" height=\"153\" \/><\/a><\/p>\n","protected":false},"excerpt":{"rendered":"Velkommen til Arkivdagen 7.11. 2019 kl. 18 p\u00e5 Finnmark fylkesbibliotek og Vads\u00f8 bibliotek.","protected":false},"author":1,"featured_media":7638,"comment_status":"closed","ping_status":"closed","sticky":false,"template":"","format":"standard","meta":[],"categories":[11],"tags":[],"_links":{"self":[{"href":"https:\/\/finnmarksarkivene.no\/index.php?rest_route=\/wp\/v2\/posts\/7637"}],"collection":[{"href":"https:\/\/finnmarksarkivene.no\/index.php?rest_route=\/wp\/v2\/posts"}],"about":[{"href":"https:\/\/finnmarksarkivene.no\/index.php?rest_route=\/wp\/v2\/types\/post"}],"author":[{"embeddable":true,"href":"https:\/\/finnmarksarkivene.no\/index.php?rest_route=\/wp\/v2\/users\/1"}],"replies":[{"embeddable":true,"href":"https:\/\/finnmarksarkivene.no\/index.php?rest_route=%2Fwp%2Fv2%2Fcomments&post=7637"}],"version-history":[{"count":3,"href":"https:\/\/finnmarksarkivene.no\/index.php?rest_route=\/wp\/v2\/posts\/7637\/revisions"}],"predecessor-version":[{"id":7685,"href":"https:\/\/finnmarksarkivene.no\/index.php?rest_route=\/wp\/v2\/posts\/7637\/revisions\/7685"}],"wp:featuredmedia":[{"embeddable":true,"href":"https:\/\/finnmarksarkivene.no\/index.php?rest_route=\/wp\/v2\/media\/7638"}],"wp:attachment":[{"href":"https:\/\/finnmarksarkivene.no\/index.php?rest_route=%2Fwp%2Fv2%2Fmedia&parent=7637"}],"wp:term":[{"taxonomy":"category","embeddable":true,"href":"https:\/\/finnmarksarkivene.no\/index.php?rest_route=%2Fwp%2Fv2%2Fcategories&post=7637"},{"taxonomy":"post_tag","embeddable":true,"href":"https:\/\/finnmarksarkivene.no\/index.php?rest_route=%2Fwp%2Fv2%2Ftags&post=7637"}],"curies":[{"name":"wp","href":"https:\/\/api.w.org\/{rel}","templated":true}]}}