{"id":7643,"date":"2019-10-16T06:22:49","date_gmt":"2019-10-16T06:22:49","guid":{"rendered":"http:\/\/finnmarksarkivene.no\/?p=7643"},"modified":"2019-10-30T11:34:43","modified_gmt":"2019-10-30T11:34:43","slug":"arkivdagen-i-vardo-evakueringshosten-1944-samtale-med-et-tidsvitne","status":"publish","type":"post","link":"https:\/\/finnmarksarkivene.no\/?p=7643","title":{"rendered":"Arkivdagen 2019 i Vard\u00f8 &#8211; Evakueringsh\u00f8sten 1944: samtale med et tidsvitne"},"content":{"rendered":"<p>Arkivdagen 2019 arrangeres l\u00f8rdag 9. november kl. 17-19. Sted: Vard\u00f8 flerbrukshus, Glasshus.<!--more--><\/p>\n<p><a href=\"https:\/\/finnmarksarkivene.no\/wp-content\/uploads\/2019\/10\/Logo-Arkivdagen-2019.jpg\"><img loading=\"lazy\" class=\"alignleft size-thumbnail wp-image-7641\" src=\"https:\/\/finnmarksarkivene.no\/wp-content\/uploads\/2019\/10\/Logo-Arkivdagen-2019-150x150.jpg\" alt=\"\" width=\"150\" height=\"150\" \/><\/a>Arkivdagen tar for seg den dramatiske h\u00f8sten i Finnmark i 1944. Denne h\u00f8sten er det 75 \u00e5r siden sovjetiske styrker gikk inn i \u00d8st-Finnmark og 75 000 mennesker ble tvangsevakuert fra sine hjem av den tyske okkupasjonsmakten.<\/p>\n<p>En av de evakuerte var 12 \u00e5r gamle Trygg \u00d8ien fra Vard\u00f8. 9. november vil han delta i en samtale med Inger Lene Nyttingnes fra Varanger museum. Her vil han ta oss med inn i sine minner om den dramatiske tiden i Vard\u00f8, og videre p\u00e5 ferden s\u00f8rover, som han og hans familie ble tvunget til \u00e5 ta. Det vil ogs\u00e5 bli vist arkivmateriale p\u00e5 skjerm som belyser hvordan reisen, under denne siste fasen av 2. verdenskrig, ble gjennomf\u00f8rt.<\/p>\n<p>Vard\u00f8 mandssangforening bidrar med musikalske innslag.<\/p>\n<p>Enkel servering.<\/p>\n<p>Arrangementet er gratis.<\/p>\n<p>Hjertelig velkommen!<\/p>\n","protected":false},"excerpt":{"rendered":"Arkivdagen 2019 arrangeres l\u00f8rdag 9. november kl. 17-19. Sted: Vard\u00f8 flerbrukshus, Glasshus.","protected":false},"author":1,"featured_media":7644,"comment_status":"closed","ping_status":"closed","sticky":false,"template":"","format":"standard","meta":[],"categories":[11],"tags":[],"_links":{"self":[{"href":"https:\/\/finnmarksarkivene.no\/index.php?rest_route=\/wp\/v2\/posts\/7643"}],"collection":[{"href":"https:\/\/finnmarksarkivene.no\/index.php?rest_route=\/wp\/v2\/posts"}],"about":[{"href":"https:\/\/finnmarksarkivene.no\/index.php?rest_route=\/wp\/v2\/types\/post"}],"author":[{"embeddable":true,"href":"https:\/\/finnmarksarkivene.no\/index.php?rest_route=\/wp\/v2\/users\/1"}],"replies":[{"embeddable":true,"href":"https:\/\/finnmarksarkivene.no\/index.php?rest_route=%2Fwp%2Fv2%2Fcomments&post=7643"}],"version-history":[{"count":5,"href":"https:\/\/finnmarksarkivene.no\/index.php?rest_route=\/wp\/v2\/posts\/7643\/revisions"}],"predecessor-version":[{"id":7686,"href":"https:\/\/finnmarksarkivene.no\/index.php?rest_route=\/wp\/v2\/posts\/7643\/revisions\/7686"}],"wp:featuredmedia":[{"embeddable":true,"href":"https:\/\/finnmarksarkivene.no\/index.php?rest_route=\/wp\/v2\/media\/7644"}],"wp:attachment":[{"href":"https:\/\/finnmarksarkivene.no\/index.php?rest_route=%2Fwp%2Fv2%2Fmedia&parent=7643"}],"wp:term":[{"taxonomy":"category","embeddable":true,"href":"https:\/\/finnmarksarkivene.no\/index.php?rest_route=%2Fwp%2Fv2%2Fcategories&post=7643"},{"taxonomy":"post_tag","embeddable":true,"href":"https:\/\/finnmarksarkivene.no\/index.php?rest_route=%2Fwp%2Fv2%2Ftags&post=7643"}],"curies":[{"name":"wp","href":"https:\/\/api.w.org\/{rel}","templated":true}]}}