{"id":7654,"date":"2019-10-17T07:24:48","date_gmt":"2019-10-17T07:24:48","guid":{"rendered":"http:\/\/finnmarksarkivene.no\/?p=7654"},"modified":"2019-10-17T07:29:16","modified_gmt":"2019-10-17T07:29:16","slug":"tilbakekomst-lars-haettas-og-anders-baers-manus-og-miniatyrer-mahccan-lars-haetta-ja-anders-baera-giehtacallosat-duojit","status":"publish","type":"post","link":"https:\/\/finnmarksarkivene.no\/?p=7654","title":{"rendered":"TILBAKEKOMST. Lars H\u00e6ttas og Anders B\u00e6rs manus og miniatyrer \/ M\u00c1HCCAN. Lars H\u00e6tta ja Anders B\u00e6ra giehta\u010d\u00e1llosat &#038; duojit"},"content":{"rendered":"<p>Lars J. H\u00e6ttas og Anders P. B\u00e6rs originale skriftstykker stilles ut for aller f\u00f8rste gang n\u00e5r utstillinga\u00a0<em>Tilbakekomst. Lars H\u00e6ttas og Anders B\u00e6rs manus og miniatyrer\u00a0<\/em>\u00e5pner 6. november 2019 p\u00e5 Diehtosiida i Guovdageaidnu i forbindelse med et seminar kl. 13-20. <!--more--><\/p>\n<p>Programmet for seminaret: <a href=\"https:\/\/samas.no\/se\/a\/lars-haetta-ja-anders-baera-muitalusat-ja-duodji\" target=\"_blank\" rel=\"noopener\">https:\/\/samas.no\/se\/a\/lars-haetta-ja-anders-baera-muitalusat-ja-duodji<\/a><\/p>\n<p>Utstillinga\u00a0<em>Tilbakekomst<\/em>\u00a0inneholder foruten H\u00e6tta og B\u00e6rs originaler innl\u00e5nt fra Nasjonalbiblioteket, autentiske miniatyrfigurer skapt av Lars J. H\u00e6tta i fengselet p\u00e5 Akershus. De fleste er ikke vist fram i S\u00e1pmi tidligere og tilh\u00f8rer Lars Anders Sikkus kolleksjon.<\/p>\n<p>Utstillinga er i regi av S\u00e1mi arkiiva og Samisk h\u00f8gskole. Riddo Duoddar Museat \u2013 Guovdageainnu gili\u0161ilju har stilt med utstyr.<\/p>\n<p>Utstillinga varer til over p\u00e5ske 2020.<br \/>\nArrangementet er et bidrag til feiringa av Bok\u00e5ret 2019 og UNESCOS urfolksspr\u00e5k\u00e5r.<\/p>\n<p>Les mer om dette: <a href=\"https:\/\/www.arkivverket.no\/kalender\/tilbakekomst.lars-haettas-og-anders-baers-manus-og-miniatyrer\" target=\"_blank\" rel=\"noopener\">https:\/\/www.arkivverket.no\/kalender\/tilbakekomst.lars-haettas-og-anders-baers-manus-og-miniatyrer<\/a><\/p>\n<p>&nbsp;<\/p>\n","protected":false},"excerpt":{"rendered":"Lars J. H\u00e6ttas og Anders P. B\u00e6rs originale skriftstykker stilles ut for aller f\u00f8rste gang n\u00e5r utstillinga\u00a0Tilbakekomst. Lars H\u00e6ttas og Anders B\u00e6rs manus og miniatyrer\u00a0\u00e5pner 6. november 2019 p\u00e5 Diehtosiida i Guovdageaidnu i forbindelse med et seminar kl. 13-20.","protected":false},"author":1,"featured_media":7656,"comment_status":"closed","ping_status":"closed","sticky":false,"template":"","format":"standard","meta":[],"categories":[11,4],"tags":[],"_links":{"self":[{"href":"https:\/\/finnmarksarkivene.no\/index.php?rest_route=\/wp\/v2\/posts\/7654"}],"collection":[{"href":"https:\/\/finnmarksarkivene.no\/index.php?rest_route=\/wp\/v2\/posts"}],"about":[{"href":"https:\/\/finnmarksarkivene.no\/index.php?rest_route=\/wp\/v2\/types\/post"}],"author":[{"embeddable":true,"href":"https:\/\/finnmarksarkivene.no\/index.php?rest_route=\/wp\/v2\/users\/1"}],"replies":[{"embeddable":true,"href":"https:\/\/finnmarksarkivene.no\/index.php?rest_route=%2Fwp%2Fv2%2Fcomments&post=7654"}],"version-history":[{"count":6,"href":"https:\/\/finnmarksarkivene.no\/index.php?rest_route=\/wp\/v2\/posts\/7654\/revisions"}],"predecessor-version":[{"id":7662,"href":"https:\/\/finnmarksarkivene.no\/index.php?rest_route=\/wp\/v2\/posts\/7654\/revisions\/7662"}],"wp:featuredmedia":[{"embeddable":true,"href":"https:\/\/finnmarksarkivene.no\/index.php?rest_route=\/wp\/v2\/media\/7656"}],"wp:attachment":[{"href":"https:\/\/finnmarksarkivene.no\/index.php?rest_route=%2Fwp%2Fv2%2Fmedia&parent=7654"}],"wp:term":[{"taxonomy":"category","embeddable":true,"href":"https:\/\/finnmarksarkivene.no\/index.php?rest_route=%2Fwp%2Fv2%2Fcategories&post=7654"},{"taxonomy":"post_tag","embeddable":true,"href":"https:\/\/finnmarksarkivene.no\/index.php?rest_route=%2Fwp%2Fv2%2Ftags&post=7654"}],"curies":[{"name":"wp","href":"https:\/\/api.w.org\/{rel}","templated":true}]}}