{"id":7667,"date":"2019-10-29T06:40:38","date_gmt":"2019-10-29T06:40:38","guid":{"rendered":"http:\/\/finnmarksarkivene.no\/?p=7667"},"modified":"2020-01-31T07:49:53","modified_gmt":"2020-01-31T07:49:53","slug":"arkivdagen-ved-samisk-arkiv-arkiivabeaivi-sami-arkiivvas","status":"publish","type":"post","link":"https:\/\/finnmarksarkivene.no\/?p=7667","title":{"rendered":"Arkivdagen 2019 ved Samisk arkiv\/Arkiivabeaivi S\u00e1mi arkiivvas"},"content":{"rendered":"<p>Fotoutstilling \/ Govva\u010d\u00e1jahus med foto av den franske antropologen Jean-Pierre Li\u00e9geois. Utstillings\u00e5pning 19. november 2019 kl. 13:00 p\u00e5 Diehtosiida i Guovdageaidnu. \u010c\u00e1j\u00e1husrahpan sk\u00e1bmam\u00e1nu 19.b. 2019 dii. 13:00 Diehtosiiddas, Guovdageainnus. <!--more--><\/p>\n<p>Utstillingen vil v\u00e6re \u00e5pen p\u00e5 Diehtosiida frem til 19. desember d\u00e5.<\/p>\n<p>\u010c\u00e1j\u00e1hus lea rabas Diehtosiiddas gitta juovlam\u00e1nu 19. b. r\u00e1djai.<\/p>\n<p>Arrangementet er ogs\u00e5 en del av Bok\u00e5ret\u00a0 2019. D\u00e1t doalut leat oassin 2019 Girjejagi.<\/p>\n<p>Velkommen\/Bures boahtin!<\/p>\n<p>&nbsp;<\/p>\n<p>FOTOUTSTILLING \/ GOVVA\u010c\u00c1JAHUS<\/p>\n<p>Den franske antropologen Jean-Pierre Li\u00e9geois har levert deler av sitt fotoarkiv til Samisk arkiv &#8211; Arkivverket. Arkivet inneholder foto fra Gearretnj\u00e1rga-siidaen i Finnmark. Fotoene er tatt i perioden 1968-1970 og 2017-2018, og illustrerer kunnskap om reindriften i omr\u00e5det for femti \u00e5r siden, endringer og betraktninger om fortid, n\u00e5tid og fremtid.<\/p>\n<p>S\u00e1mi arkiiva -Arkivverket i samarbeid med Samisk h\u00f8gskoles bibliotek og Guovdageainnu gili\u0161illju &#8211; Kautokeino bygdetun presenterer en utstilling med Li\u00e9geois foto. Dette skjer i forbindelse med at \u010c\u00e1lliidL\u00e1g\u00e1dus \u2013 Forfatternes Forlag utgir boken S\u00e1pmi 1969-2019, skrevet av Jean-Pierre Li\u00e9geois i samarbeid med Aslak Johansen Eira.<\/p>\n<p>Boken er et resultatet av et m\u00f8te som fant sted p\u00e5 slutten av 1960-tallet mellom en ung reindriftsut\u00f8ver og en fransk student. Femti \u00e5r senere m\u00f8ttes de igjen for \u00e5 utveksle synspunkter p\u00e5 situasjonen i S\u00e1pmi.<\/p>\n<p><a href=\"https:\/\/finnmarksarkivene.no\/wp-content\/uploads\/2019\/10\/Utstilling-Samisk-arkiv-2019.jpg\"><img loading=\"lazy\" class=\"alignleft size-medium wp-image-7668\" src=\"https:\/\/finnmarksarkivene.no\/wp-content\/uploads\/2019\/10\/Utstilling-Samisk-arkiv-2019-300x196.jpg\" alt=\"\" width=\"300\" height=\"196\" srcset=\"https:\/\/finnmarksarkivene.no\/wp-content\/uploads\/2019\/10\/Utstilling-Samisk-arkiv-2019-300x196.jpg 300w, https:\/\/finnmarksarkivene.no\/wp-content\/uploads\/2019\/10\/Utstilling-Samisk-arkiv-2019-768x501.jpg 768w, https:\/\/finnmarksarkivene.no\/wp-content\/uploads\/2019\/10\/Utstilling-Samisk-arkiv-2019-1024x669.jpg 1024w, https:\/\/finnmarksarkivene.no\/wp-content\/uploads\/2019\/10\/Utstilling-Samisk-arkiv-2019.jpg 2048w\" sizes=\"(max-width: 300px) 100vw, 300px\" \/><\/a>Fr\u00e1nska antropologa Jean-Pierre Li\u00e9geois lea bukt\u00e1n oasi su govvaarkiivvas S\u00e1mi arkiivii. Sisdoallu arkiivvas leat govat Gearretnj\u00e1rgga-siiddas Finnm\u00e1rkkus. Dat mat leat govvejuvvon jagiid 1968-1970 ja 2017-2018. Govat govvidit boazodoallom\u00e1htu guovllus ja \u00e1rvvo\u0161tallet rievdamiid dolo\u0161\u00e1iggis &#8211; d\u00e1l\u00e1\u00e1ig\u00e1i ja maiddai govvidit boahtte\u00e1iggi.<\/p>\n<p>Jean-Pierre Li\u00e9geois ovttas Iskkon M\u00e1hte \u00c1sllahin almmuheba girjji S\u00e1pmi 1969-2019, \u010c\u00e1lliidL\u00e1g\u00e1dusa bokte. Girji lea boa\u0111us deaivvadeamis mii d\u00e1hp\u00e1huvai 1960-logu loahpa geah\u010den, gaskkal nuorra boazos\u00e1pmela\u010d\u010da ja fr\u00e1nska studeantta. Vihttalogi jagi ma\u014b\u014bil deaivvadeigga fas lonohallat jurdagiid movt S\u00e1mis lea dilli.<\/p>\n<p>S\u00e1mi allaskuvla, Guovdageainnu gili\u0161illju ja S\u00e1mi arkiiva \/ Arkiivadoaimmahat leat d\u00e1n oktavuo\u0111as ovttas buvttadan \u010d\u00e1j\u00e1husa Li\u00e9geois govaiguin. Okta oassi govain \u010d\u00e1jehuvvot d\u00e1n \u010d\u00e1j\u00e1husas.<\/p>\n<p><a href=\"https:\/\/www.arkivverket.no\/kalender\/fotoutstilling-govvacajahus\" target=\"_blank\" rel=\"noopener\">https:\/\/www.arkivverket.no\/kalender\/fotoutstilling-govvacajahus<\/a><\/p>\n<p>&nbsp;<\/p>\n","protected":false},"excerpt":{"rendered":"Fotoutstilling \/ Govva\u010d\u00e1jahus med foto av den franske antropologen Jean-Pierre Li\u00e9geois. Utstillings\u00e5pning 19. november 2019 kl. 13:00 p\u00e5 Diehtosiida i Guovdageaidnu. \u010c\u00e1j\u00e1husrahpan sk\u00e1bmam\u00e1nu 19.b. 2019 dii. 13:00 Diehtosiiddas, Guovdageainnus.","protected":false},"author":1,"featured_media":7668,"comment_status":"closed","ping_status":"closed","sticky":false,"template":"","format":"standard","meta":[],"categories":[11],"tags":[],"_links":{"self":[{"href":"https:\/\/finnmarksarkivene.no\/index.php?rest_route=\/wp\/v2\/posts\/7667"}],"collection":[{"href":"https:\/\/finnmarksarkivene.no\/index.php?rest_route=\/wp\/v2\/posts"}],"about":[{"href":"https:\/\/finnmarksarkivene.no\/index.php?rest_route=\/wp\/v2\/types\/post"}],"author":[{"embeddable":true,"href":"https:\/\/finnmarksarkivene.no\/index.php?rest_route=\/wp\/v2\/users\/1"}],"replies":[{"embeddable":true,"href":"https:\/\/finnmarksarkivene.no\/index.php?rest_route=%2Fwp%2Fv2%2Fcomments&post=7667"}],"version-history":[{"count":8,"href":"https:\/\/finnmarksarkivene.no\/index.php?rest_route=\/wp\/v2\/posts\/7667\/revisions"}],"predecessor-version":[{"id":7687,"href":"https:\/\/finnmarksarkivene.no\/index.php?rest_route=\/wp\/v2\/posts\/7667\/revisions\/7687"}],"wp:featuredmedia":[{"embeddable":true,"href":"https:\/\/finnmarksarkivene.no\/index.php?rest_route=\/wp\/v2\/media\/7668"}],"wp:attachment":[{"href":"https:\/\/finnmarksarkivene.no\/index.php?rest_route=%2Fwp%2Fv2%2Fmedia&parent=7667"}],"wp:term":[{"taxonomy":"category","embeddable":true,"href":"https:\/\/finnmarksarkivene.no\/index.php?rest_route=%2Fwp%2Fv2%2Fcategories&post=7667"},{"taxonomy":"post_tag","embeddable":true,"href":"https:\/\/finnmarksarkivene.no\/index.php?rest_route=%2Fwp%2Fv2%2Ftags&post=7667"}],"curies":[{"name":"wp","href":"https:\/\/api.w.org\/{rel}","templated":true}]}}