{"id":7694,"date":"2019-11-07T16:14:18","date_gmt":"2019-11-07T16:14:18","guid":{"rendered":"http:\/\/finnmarksarkivene.no\/?p=7694"},"modified":"2019-11-07T16:36:16","modified_gmt":"2019-11-07T16:36:16","slug":"arkivdagen-2019-i-lakselv-gjemt-eller-glemt","status":"publish","type":"post","link":"https:\/\/finnmarksarkivene.no\/?p=7694","title":{"rendered":"Arkivdagen 2019 i Lakselv &#8211; &#8220;gjemt eller glemt&#8221;"},"content":{"rendered":"<p>Tvangsevakueringen h\u00f8sten 1944. Minnemarkering i kultursalen i Lakselv 9. november kl. 18-21. IKA Finnmark IKS stiller p\u00e5 Mearrasiida i Indre Billefjord med kopi av arkivmateriale fra register over rasjoneringskort, bilder fra legitimasjonskort samt kopi av s\u00f8knader om st\u00f8tte fra de som klarte unng\u00e5 deportasjonen.\u00a0Til markeringen i Porsanger kultursal, tar IKA Finnmark med sin utstilling over evakuering og gjenreisning.<!--more--><\/p>\n<p>75 \u00e5r siden Norge ble frigjort etter 2. verdenskrig av russere nesten helt \u00f8st i v\u00e5rt land.<br \/>\nMed frigj\u00f8ringen fulgte deportasjonen av befolkningen i Finnmark og Nord-Troms samt\u00a0destruering av all\u00a0infrastruktur i\u00a0landsdelen. &#8220;Den st\u00f8rste\u00a0katastrofen i norsk historie\u00a0siden svarted\u00f8den&#8221; sa kong Olav. 70 \u00e5r tidligere oppfordret han som kronprins fra England over eteren, befolkningen i nord :&#8221;\u00abAdlyd ikke fiendens evakueringsordre. Stikk dere bort n\u00e5r tvangsevakueringa er forest\u00e5ende. Gjem dere p\u00e5 sikre steder.\u00bb Det kommer for tiden stadig nye b\u00f8ker fra historikere og forskere som redefinerer Krigen i nord.<\/p>\n<p>I \u00e5r er arkivdagen i nord viet deportasjonen h\u00f8sten 1944. Porsanger kommune har invitert de historieformidlende institusjoner til \u00e5 lage felles markering. Det har resultert i et bredt program med innlegg fra\u00a0de som selv opplevde den dramatiske tiden, forsvarets side, forsker fra Gjenreisningsmuseet, historikere m.fl.<\/p>\n<p><a href=\"http:\/\/www.ikaf.no\/arkivdagen-2019-gjemt-men-ikke-glemt.6261125-22597.html?fbclid=IwAR0iFjMlcEwEiWEMRo95JK04ufecIoZc1M4Pgzv2vFTXubMcN_qPdZ5Il4\" target=\"_blank\" rel=\"noopener\">http:\/\/www.ikaf.no\/arkivdagen-2019-gjemt-men-ikke-glemt.6261125-22597.html?fbclid=IwAR0iFjMlcEwEiWEMRo95JK04ufecIoZc1M4Pgzv2vFTXubMcN_qPdZ5Il4<\/a><\/p>\n","protected":false},"excerpt":{"rendered":"Tvangsevakueringen h\u00f8sten 1944. Minnemarkering i kultursalen i Lakselv 9. november kl. 18-21. IKA Finnmark IKS stiller p\u00e5 Mearrasiida i Indre Billefjord med kopi av arkivmateriale fra register over rasjoneringskort, bilder fra legitimasjonskort samt kopi av s\u00f8knader om st\u00f8tte fra de som klarte unng\u00e5 deportasjonen.\u00a0Til markeringen i Porsanger kultursal, tar IKA Finnmark med sin utstilling over [&hellip;]","protected":false},"author":1,"featured_media":7695,"comment_status":"closed","ping_status":"closed","sticky":false,"template":"","format":"standard","meta":[],"categories":[11],"tags":[],"_links":{"self":[{"href":"https:\/\/finnmarksarkivene.no\/index.php?rest_route=\/wp\/v2\/posts\/7694"}],"collection":[{"href":"https:\/\/finnmarksarkivene.no\/index.php?rest_route=\/wp\/v2\/posts"}],"about":[{"href":"https:\/\/finnmarksarkivene.no\/index.php?rest_route=\/wp\/v2\/types\/post"}],"author":[{"embeddable":true,"href":"https:\/\/finnmarksarkivene.no\/index.php?rest_route=\/wp\/v2\/users\/1"}],"replies":[{"embeddable":true,"href":"https:\/\/finnmarksarkivene.no\/index.php?rest_route=%2Fwp%2Fv2%2Fcomments&post=7694"}],"version-history":[{"count":2,"href":"https:\/\/finnmarksarkivene.no\/index.php?rest_route=\/wp\/v2\/posts\/7694\/revisions"}],"predecessor-version":[{"id":7697,"href":"https:\/\/finnmarksarkivene.no\/index.php?rest_route=\/wp\/v2\/posts\/7694\/revisions\/7697"}],"wp:featuredmedia":[{"embeddable":true,"href":"https:\/\/finnmarksarkivene.no\/index.php?rest_route=\/wp\/v2\/media\/7695"}],"wp:attachment":[{"href":"https:\/\/finnmarksarkivene.no\/index.php?rest_route=%2Fwp%2Fv2%2Fmedia&parent=7694"}],"wp:term":[{"taxonomy":"category","embeddable":true,"href":"https:\/\/finnmarksarkivene.no\/index.php?rest_route=%2Fwp%2Fv2%2Fcategories&post=7694"},{"taxonomy":"post_tag","embeddable":true,"href":"https:\/\/finnmarksarkivene.no\/index.php?rest_route=%2Fwp%2Fv2%2Ftags&post=7694"}],"curies":[{"name":"wp","href":"https:\/\/api.w.org\/{rel}","templated":true}]}}