{"id":7703,"date":"2019-11-26T08:16:01","date_gmt":"2019-11-26T08:16:01","guid":{"rendered":"http:\/\/finnmarksarkivene.no\/?p=7703"},"modified":"2020-07-27T11:51:18","modified_gmt":"2020-07-27T11:51:18","slug":"solbjorg-mikkolas-utlippsboker-om-flyktninger-og-asylsokere","status":"publish","type":"post","link":"https:\/\/finnmarksarkivene.no\/?p=7703","title":{"rendered":"Solbj\u00f8rg Mikkolas utklippsb\u00f8ker om flyktninger og asyls\u00f8kere"},"content":{"rendered":"<p>Solbj\u00f8r Mikkola var leder av asylmottakene i S\u00f8r-Varanger kommune siden 1993. Hun ledet ogs\u00e5 arbeidet ved etablering av Fjellhallen transitt b\u00e5de i 1999 og 2015.<\/p>\n<p><!--more--><\/p>\n<table>\n<tbody>\n<tr>\n<td width=\"196\">Arkivnavn<\/td>\n<td width=\"416\">Solbj\u00f8rg Mikkolas utklippsb\u00f8ker om flyktninger og asyls\u00f8kere<\/td>\n<\/tr>\n<tr>\n<td width=\"196\">Arkivskaper<\/td>\n<td width=\"416\">Solbj\u00f8rg Mikkolas utklippsb\u00f8ker om flyktninger og asyls\u00f8kere<\/td>\n<\/tr>\n<tr>\n<td width=\"196\">Arkivref (id)<\/td>\n<td width=\"416\">FMFB-0214<\/td>\n<\/tr>\n<tr>\n<td width=\"196\">Reg.base<\/td>\n<td width=\"416\">Asta<\/td>\n<\/tr>\n<tr>\n<td width=\"196\">Publ. base (evt. link til katalogen)<\/td>\n<td width=\"416\">Arkivportalen<\/td>\n<\/tr>\n<tr>\n<td width=\"196\">Type materiale, ev. ogs\u00e5 innholdstype<\/td>\n<td width=\"416\">8 utklippsb\u00f8ker som viser hva media har skrevet om flyktninger og asyls\u00f8kere i S\u00f8r-Varanger<\/td>\n<\/tr>\n<tr>\n<td width=\"196\">Tidsperiode<\/td>\n<td width=\"416\">1987-2018<\/td>\n<\/tr>\n<tr>\n<td width=\"196\">Type virksomhet<\/td>\n<td width=\"416\"><\/td>\n<\/tr>\n<tr>\n<td width=\"196\">Sted \/ omr\u00e5de<\/td>\n<td width=\"416\">S\u00f8r-Varanger<\/td>\n<\/tr>\n<tr>\n<td width=\"196\">Spr\u00e5k<\/td>\n<td width=\"416\"><\/td>\n<\/tr>\n<tr>\n<td width=\"196\">Ordningsgrad<\/td>\n<td width=\"416\">Ordnet<\/td>\n<\/tr>\n<tr>\n<td width=\"196\">Omfang<\/td>\n<td width=\"416\"><\/td>\n<\/tr>\n<tr>\n<td width=\"196\">Arkivliste<\/td>\n<td width=\"416\"><a href=\"https:\/\/finnmarksarkivene.no\/wp-content\/uploads\/2019\/11\/A-0214-Solbj\u00f8rg-Mikkolas-utklippsb\u00f8ker-om-flyktninger-og-asyls\u00f8kere-i-S\u00f8r-Varanger-1987-2018.pdf\" target=\"_blank\" rel=\"noopener\">A-0214 Solbj\u00f8rg Mikkolas utklippsb\u00f8ker om flyktninger og asyls\u00f8kere i S\u00f8r-Varanger 1987-2018<\/a><\/td>\n<\/tr>\n<tr>\n<td width=\"196\">Digitalisering (evt. link til dig. filer)<\/td>\n<td width=\"416\">nei<\/td>\n<\/tr>\n<tr>\n<td width=\"196\">Oppbevarings- \/deponeringssted<\/td>\n<td width=\"416\">Finnmark fylkesbibliotek<\/td>\n<\/tr>\n<tr>\n<td width=\"196\">Kontaktopplysninger<\/td>\n<td width=\"416\"><a href=\"http:\/\/www.finnmarkfylkesbibliotek.no\/tjenester\/privatarkiv\/\" target=\"_blank\" rel=\"noopener\">http:\/\/www.finnmarkfylkesbibliotek.no\/tjenester\/privatarkiv\/<\/a><\/td>\n<\/tr>\n<tr>\n<td width=\"196\">Spesielle bemerkninger<\/p>\n<p>(fysisk tilstand, klausul osv.)<\/td>\n<td width=\"416\">Arkivet ble avlevert i forbindelse med prosjektet &#8220;Vi er ogs\u00e5 her! Oppf\u00f8lging av glemte grupper&#8221;<\/td>\n<\/tr>\n<\/tbody>\n<\/table>\n<p>&nbsp;<\/p>\n","protected":false},"excerpt":{"rendered":"Solbj\u00f8r Mikkola var leder av asylmottakene i S\u00f8r-Varanger kommune siden 1993. Hun ledet ogs\u00e5 arbeidet ved etablering av Fjellhallen transitt b\u00e5de i 1999 og 2015.","protected":false},"author":1,"featured_media":0,"comment_status":"closed","ping_status":"closed","sticky":false,"template":"","format":"standard","meta":[],"categories":[151],"tags":[332,70],"_links":{"self":[{"href":"https:\/\/finnmarksarkivene.no\/index.php?rest_route=\/wp\/v2\/posts\/7703"}],"collection":[{"href":"https:\/\/finnmarksarkivene.no\/index.php?rest_route=\/wp\/v2\/posts"}],"about":[{"href":"https:\/\/finnmarksarkivene.no\/index.php?rest_route=\/wp\/v2\/types\/post"}],"author":[{"embeddable":true,"href":"https:\/\/finnmarksarkivene.no\/index.php?rest_route=\/wp\/v2\/users\/1"}],"replies":[{"embeddable":true,"href":"https:\/\/finnmarksarkivene.no\/index.php?rest_route=%2Fwp%2Fv2%2Fcomments&post=7703"}],"version-history":[{"count":4,"href":"https:\/\/finnmarksarkivene.no\/index.php?rest_route=\/wp\/v2\/posts\/7703\/revisions"}],"predecessor-version":[{"id":7930,"href":"https:\/\/finnmarksarkivene.no\/index.php?rest_route=\/wp\/v2\/posts\/7703\/revisions\/7930"}],"wp:attachment":[{"href":"https:\/\/finnmarksarkivene.no\/index.php?rest_route=%2Fwp%2Fv2%2Fmedia&parent=7703"}],"wp:term":[{"taxonomy":"category","embeddable":true,"href":"https:\/\/finnmarksarkivene.no\/index.php?rest_route=%2Fwp%2Fv2%2Fcategories&post=7703"},{"taxonomy":"post_tag","embeddable":true,"href":"https:\/\/finnmarksarkivene.no\/index.php?rest_route=%2Fwp%2Fv2%2Ftags&post=7703"}],"curies":[{"name":"wp","href":"https:\/\/api.w.org\/{rel}","templated":true}]}}