{"id":7738,"date":"2019-12-09T07:06:32","date_gmt":"2019-12-09T07:06:32","guid":{"rendered":"http:\/\/finnmarksarkivene.no\/?p=7738"},"modified":"2019-12-09T08:26:59","modified_gmt":"2019-12-09T08:26:59","slug":"magasiidnaproseakta-gadju-sanitehtasearvvi-beavdegirjjiid","status":"publish","type":"post","link":"https:\/\/finnmarksarkivene.no\/?p=7738","title":{"rendered":"Magasiidnapro\u0161eakta g\u00e1dju Sanitehtasearvvi beavdegirjjiid"},"content":{"rendered":"<p><strong>D\u00e1n jagi vuosttas m\u00e1nuid lea ollu d\u00e1hp\u00e1huvvan O\u0111\u0111asishuksenmusea \u010doakk\u00e1ldagain! \u00a0\u00a0O\u0111\u0111a lanjat leat v\u00e1ldojuvvon atnui, ovdamearkka dihte \u00e1ibbas o\u0111\u0111a\u00e1ig\u00e1sa\u0161 seailluhanbargob\u00e1dji, mii dahk\u00e1 ahte d\u00e1l lea \u00e1lkit v\u00e1rjalit Norgga Nissoniid Sanitehtasearvvi \u00e1rvod\u00e1vviriid, mat ledje juo guohppudi\u0161goaht\u00e1n.\u00a0\u00a0\u00a0 <\/strong><!--more--><\/p>\n<p>Teknihkala\u0161 konserv\u00e1htor Daniela K\u00f6tter, <a href=\"https:\/\/www.kystmuseene.no\/magasinprosjektet-redder-protokoller-fra-sanitetsforeningen.6209431-107297.html\" target=\"_blank\" rel=\"noopener\">Gjenreisningsmuseet<\/a><\/p>\n<p>Magasiidnapro\u0161eakta l\u00e1vkii 2019:s o\u0111\u0111a \u00e1ig\u00e1i. Huksenbarggut ledje loahpahuvvon ja sisaf\u00e1rren \u00e1lggahuvvui. Dan oktavuo\u0111as \u010d\u00e1jeheimmet min erenoam\u00e1\u0161 \u010d\u00e1j\u00e1lmasa <a href=\"http:\/\/www.kystmuseene.no\/velkommen-til-utstillingen-gull-eller-graastein-og-aapning-av-nytt-magasin.6182076-157320.html\" target=\"_blank\" rel=\"noopener\">\u00abGull eller gr\u00e5stein\u00bb<\/a>, maid Maria Stephansen lea h\u00e1bmen, ja mas \u010doakk\u00e1ldath\u00e1ldda\u0161eami alkymiija \u010dilgejuvvo, ja m\u00e1inna\u0161uvvo! Buresboahtin deike!<\/p>\n<p>Ma\u014b\u014bil buot huksenbargguid lei mis almmola\u0161 rahpandil\u00e1la\u0161vuohta gosa leimmet bovden ollu gussiid: v\u00e1rres\u00e1tnejo\u0111iheaddji, kulturhoavdda, stivrajo\u0111iheaddji ja huksejeaddji. D\u00e1l mii leat f\u00e1rren bargolanjaide, ja d\u00e1rkilit buhtistan buot magasiinnaid ovdal go \u010doakk\u00e1ldagat bohtet.<\/p>\n<p>Musea arkiivvat leat juo sajis, ja dan ovddas fertet giitit min erenoam\u00e1\u0161 gaskkusteddjiid Maria ja Julia.<\/p>\n<p>Min arkiivabargi Tove lea dan lassin dik\u0161un H\u00e1mmarfeastta, Indrefjord ja J\u00e1hkogohpi \u00a0Nissoniid Sanitehtasearvvi\u00a0 arkiivvaid. Ovdal go s\u00e1htiimet deaivat H\u00e1mmarfeastta Sanitehtasearvvi oa\u017e\u017eun dihte eanet die\u0111uid, de fertii vuos Konserv\u00e1htor Daniela buhtistit 10 beavdegirjji go dat ledje guohppugoaht\u00e1n \u010d\u00e1hcevah\u00e1ga gea\u017eil.<\/p>\n<div id=\"attachment_7242\" style=\"width: 910px\" class=\"wp-caption alignleft\"><a href=\"https:\/\/finnmarksarkivene.no\/wp-content\/uploads\/2019\/04\/Arkivaren-Tove.jpg\"><img aria-describedby=\"caption-attachment-7242\" loading=\"lazy\" class=\"size-large wp-image-7242\" src=\"https:\/\/finnmarksarkivene.no\/wp-content\/uploads\/2019\/04\/Arkivaren-Tove-1024x576.jpg\" alt=\"\" width=\"900\" height=\"506\" srcset=\"https:\/\/finnmarksarkivene.no\/wp-content\/uploads\/2019\/04\/Arkivaren-Tove.jpg 1024w, https:\/\/finnmarksarkivene.no\/wp-content\/uploads\/2019\/04\/Arkivaren-Tove-300x169.jpg 300w, https:\/\/finnmarksarkivene.no\/wp-content\/uploads\/2019\/04\/Arkivaren-Tove-768x432.jpg 768w\" sizes=\"(max-width: 900px) 100vw, 900px\" \/><\/a><p id=\"caption-attachment-7242\" class=\"wp-caption-text\">Arkiivabargi Tove Johansen ordnemin NKS, H\u00e1mmarfeastta, Indrefjord ja J\u00e1hkogohppi arkiivvaid. Govven: O\u0111\u0111asishuksenmusea.<\/p><\/div>\n<p>Midd\u00e1i \u00e1lgod\u00e1vvirat mat ledje ear\u00e1 vuorkk\u00e1in sirdojedje museai. Go d\u00e1vviriid \u0161addat \u00a0d\u00e1rkilat buhtistit, de d\u00e1hp\u00e1huvv\u00e1 d\u00e1vj\u00e1 ahte mii fuom\u00e1\u0161at juoga maid ovdal eat leat oaidn\u00e1n.<\/p>\n<p>Muitt\u00e1t go St. Elisabeth hospit\u00e1la Strandgatas? Dat gaikojuvvui 2013:s, ja musea v\u00e1lddii v\u00e1ra earret ear\u00e1 bassifiguvrra mii lei hispit\u00e1la olggobealde. D\u00e1l leat fuom\u00e1\u0161an ahte dasa leat die\u0111ut s\u00e1rgojuvvon ma\u014b\u00e1beallai, mat muitalit gii dan lea r\u00e1hkadan ja goas. Mii leat registreren, merken ja almmuhan d\u00e1vviriid deike: http:\/\/www.digitaltmuseum.no\/.<\/p>\n<p>Mii eat \u010diegat ahte \u010doavji \u010dagalduhtii, dalle go mii daid vuostta\u0161 biergasiid viimmat beasaimet r\u00e1djat o\u0111\u0111a magasiinnaide.<\/p>\n<div id=\"attachment_7241\" style=\"width: 910px\" class=\"wp-caption alignleft\"><a href=\"https:\/\/finnmarksarkivene.no\/wp-content\/uploads\/2019\/04\/Fra-protokoll.jpg\"><img aria-describedby=\"caption-attachment-7241\" loading=\"lazy\" class=\"size-large wp-image-7241\" src=\"https:\/\/finnmarksarkivene.no\/wp-content\/uploads\/2019\/04\/Fra-protokoll-1024x576.jpg\" alt=\"\" width=\"900\" height=\"506\" srcset=\"https:\/\/finnmarksarkivene.no\/wp-content\/uploads\/2019\/04\/Fra-protokoll-1024x576.jpg 1024w, https:\/\/finnmarksarkivene.no\/wp-content\/uploads\/2019\/04\/Fra-protokoll-300x169.jpg 300w, https:\/\/finnmarksarkivene.no\/wp-content\/uploads\/2019\/04\/Fra-protokoll-768x432.jpg 768w, https:\/\/finnmarksarkivene.no\/wp-content\/uploads\/2019\/04\/Fra-protokoll.jpg 1280w\" sizes=\"(max-width: 900px) 100vw, 900px\" \/><\/a><p id=\"caption-attachment-7241\" class=\"wp-caption-text\">O\u0111\u0111asishuksenmusea \u00e1ibbas o\u0111\u0111a seailluhanbargob\u00e1dji dahk\u00e1 ahte d\u00e1l lea \u00e1lkit seailluhit \u00e1rvod\u00e1vviriid, nugo Norgga Nissoniid Sanitehtasearvvi beavdegirjjiid mat ledje guohppugoaht\u00e1n. Govva: O\u0111\u0111asishuksenmusea<\/p><\/div>\n<p>Mii leat r\u00e1hkadan <a href=\"https:\/\/digitaltmuseum.no\/list\/Ct6u\">m\u00e1hpa maid g\u00e1vnnat Digit\u00e1la Museas, du v\u00e1r\u00e1s gii h\u00e1liidat diehtit eanet <\/a>ma\u014bimu\u0161 almmuhuvvon d\u00e1vviriid birra. Jos neahtas h\u00e1liidat geah\u010d\u010dat buot maid mii leat almmuhan, de galggat geavahit ohcans\u00e1ni \u201cgjenreisningsmuseet\u201d.<\/p>\n<p>Mii almmuhat da\u0111is buot registreremiid nehttii, ja DUS vedjet leat eanet die\u0111ut maid s\u00e1hta\u0161it midjiide muitalit. Dan s\u00e1ht\u00e1t dahkat digit\u00e1la musea komment\u00e1ra-b\u00e1lvalusa bokte!<\/p>\n<p>&nbsp;<\/p>\n<p>&nbsp;<\/p>\n","protected":false},"excerpt":{"rendered":"D\u00e1n jagi vuosttas m\u00e1nuid lea ollu d\u00e1hp\u00e1huvvan O\u0111\u0111asishuksenmusea \u010doakk\u00e1ldagain! \u00a0\u00a0O\u0111\u0111a lanjat leat v\u00e1ldojuvvon atnui, ovdamearkka dihte \u00e1ibbas o\u0111\u0111a\u00e1ig\u00e1sa\u0161 seailluhanbargob\u00e1dji, mii dahk\u00e1 ahte d\u00e1l lea \u00e1lkit v\u00e1rjalit Norgga Nissoniid Sanitehtasearvvi \u00e1rvod\u00e1vviriid, mat ledje juo guohppudi\u0161goaht\u00e1n.\u00a0\u00a0\u00a0","protected":false},"author":1,"featured_media":7242,"comment_status":"closed","ping_status":"closed","sticky":false,"template":"","format":"standard","meta":[],"categories":[4,3],"tags":[],"_links":{"self":[{"href":"https:\/\/finnmarksarkivene.no\/index.php?rest_route=\/wp\/v2\/posts\/7738"}],"collection":[{"href":"https:\/\/finnmarksarkivene.no\/index.php?rest_route=\/wp\/v2\/posts"}],"about":[{"href":"https:\/\/finnmarksarkivene.no\/index.php?rest_route=\/wp\/v2\/types\/post"}],"author":[{"embeddable":true,"href":"https:\/\/finnmarksarkivene.no\/index.php?rest_route=\/wp\/v2\/users\/1"}],"replies":[{"embeddable":true,"href":"https:\/\/finnmarksarkivene.no\/index.php?rest_route=%2Fwp%2Fv2%2Fcomments&post=7738"}],"version-history":[{"count":5,"href":"https:\/\/finnmarksarkivene.no\/index.php?rest_route=\/wp\/v2\/posts\/7738\/revisions"}],"predecessor-version":[{"id":7745,"href":"https:\/\/finnmarksarkivene.no\/index.php?rest_route=\/wp\/v2\/posts\/7738\/revisions\/7745"}],"wp:featuredmedia":[{"embeddable":true,"href":"https:\/\/finnmarksarkivene.no\/index.php?rest_route=\/wp\/v2\/media\/7242"}],"wp:attachment":[{"href":"https:\/\/finnmarksarkivene.no\/index.php?rest_route=%2Fwp%2Fv2%2Fmedia&parent=7738"}],"wp:term":[{"taxonomy":"category","embeddable":true,"href":"https:\/\/finnmarksarkivene.no\/index.php?rest_route=%2Fwp%2Fv2%2Fcategories&post=7738"},{"taxonomy":"post_tag","embeddable":true,"href":"https:\/\/finnmarksarkivene.no\/index.php?rest_route=%2Fwp%2Fv2%2Ftags&post=7738"}],"curies":[{"name":"wp","href":"https:\/\/api.w.org\/{rel}","templated":true}]}}