{"id":7743,"date":"2019-12-09T07:15:36","date_gmt":"2019-12-09T07:15:36","guid":{"rendered":"http:\/\/finnmarksarkivene.no\/?p=7743"},"modified":"2019-12-09T09:59:32","modified_gmt":"2019-12-09T09:59:32","slug":"lavde-arkiiva-muitalus-deanu-luossaoasti-birra","status":"publish","type":"post","link":"https:\/\/finnmarksarkivene.no\/?p=7743","title":{"rendered":"L\u00e1vde-arkiiva \u2013 muitalus Deanu luossaoasti birra"},"content":{"rendered":"<p><strong>D\u00e1n jagi lea vuostta\u0161 riikkaidgaskasa\u0161 luondduluossajahki. Finnm\u00e1rkoarkiivvat h\u00e1liidit dan oktavuo\u0111as fuom\u00e1\u0161ahttit erenoam\u00e1\u017eit luossaoasti Andreas Lavde arkiivva, mii vurkejuvvo Deanu museas. Arkiiva muitala mo s\u00e1mi \u00e1rbevirola\u0161guol\u00e1steapmi \u010da\u0111ahuvvui \u00a0Deano\u010d\u00e1z\u00e1dagas, mii lea okta m\u00e1ilmmi stuor\u00e1mus \u010d\u00e1z\u00e1dat gos g\u00e1vdnojit atl\u00e1ntala\u0161 luondduluosat. \u00a0<\/strong><!--more--><\/p>\n<p><em>Claus Pettersen, Deanu Musea (2019)<\/em><\/p>\n<p>2019 lea vuostta\u0161 riikkaidgaskasa\u0161 luondduluossajahki. Mii h\u00e1liidat dan oktavuo\u0111as\u00a0 fuom\u00e1\u0161ahttit erenoam\u00e1\u017eit luondduluossabivdiid: Deano\u010d\u00e1z\u00e1daga \u00e1rbevirola\u0161 guol\u00e1steddjiid ja Deanu musea priv\u00e1hta arkiivadoaimmaid. Okta sis gii barggai ja elii guollebivdduin Deano\u010d\u00e1z\u00e1dagas ja laga\u0161 vuonain lei luossaoasti Andreas Lavde. \u00a0Lavde-arkiiva lea okta dain priv\u00e1htaarkiivvain mat vurkejuvvojit museas, ja dasa gullet eana\u0161 guitegirjjit ja rehketdoalut. Arkiiva muitala mo s\u00e1mi \u00e1rbevirola\u0161 guol\u00e1steapmi eal\u00e1hussan \u010da\u0111ahuvvui min \u010d\u00e1z\u00e1dagain ja vuonain.<\/p>\n<div id=\"attachment_7296\" style=\"width: 910px\" class=\"wp-caption alignleft\"><a href=\"https:\/\/finnmarksarkivene.no\/wp-content\/uploads\/2019\/05\/Bilde1.jpg\"><img aria-describedby=\"caption-attachment-7296\" loading=\"lazy\" class=\"size-large wp-image-7296\" src=\"https:\/\/finnmarksarkivene.no\/wp-content\/uploads\/2019\/05\/Bilde1-1024x728.jpg\" alt=\"\" width=\"900\" height=\"640\" srcset=\"https:\/\/finnmarksarkivene.no\/wp-content\/uploads\/2019\/05\/Bilde1-1024x728.jpg 1024w, https:\/\/finnmarksarkivene.no\/wp-content\/uploads\/2019\/05\/Bilde1-300x213.jpg 300w, https:\/\/finnmarksarkivene.no\/wp-content\/uploads\/2019\/05\/Bilde1-768x546.jpg 768w\" sizes=\"(max-width: 900px) 100vw, 900px\" \/><\/a><p id=\"caption-attachment-7296\" class=\"wp-caption-text\">Biilafearga Deanujogas, Guhkesnj\u00e1rgga buohta, Nils-Andreas Lavde feargafievrrideaddjin. Govven: amas.<\/p><\/div>\n<p><strong>Arkiivaeaigg\u00e1t Nils-Andreas Lavde<\/strong><\/p>\n<p>Nils-Andreas Lavde (r.25.05.1920, j.06.08.2003) lei Berit Oline ja Anders Aslaksen Lavde b\u00e1rdni. Son n\u00e1italii Katrine Lavde (nieidavuo\u0111agoargu: Tran), ja soai oa\u010d\u010duiga njeallje m\u00e1n\u00e1. Nils-Andreas Lavde huksii fanashuksenb\u00e1ji Nuorttit Bonj\u00e1kassii. Son osttii br\u00e1hkk\u00e1 gielddas, mas son huksii fanashuksenb\u00e1ji. Lavde lei \u010deahppi hukset fatnasiid ja dovddus \u010d\u00e1ppa johkafatnasiid huksejeaddji. Arkiiva muitala ahte son 1965:s vuvddii golbma jahkefatnasa ja oa\u010d\u010dui 1000 kr fatnasis.\u00a0 Son lei sihke luossaoasti, divohatdoaimmaheaddji ja g\u00e1vpealmm\u00e1i.\u00a0 Dan lassin son lei luossabivdi ja eanadoalli ja sus lei bivdovuoigatvuohta Deanujogas. Nuorttit Bonj\u00e1kasas lei sus buo\u0111\u0111u. Mihtideamit mat \u010da\u0111ahuvvojedje 1985:s \u010d\u00e1jehit ahte sus lei 60 m guhkkosa\u0161 buo\u0111\u0111u, masa gulle ruovde\u010duolddat, joddo\u010duolddat ja joddore\u014bkkot.<\/p>\n<p>Nils-Andreas Lavde ovddastii Bargiidbellodaga ja barggai b\u00e1ikk\u00e1la\u0161 politihkk\u00e1rin ollu jagiid, ja lei luohtt\u00e1mu\u0161olmmo\u0161 gieldda huksenl\u00e1vdegottis. Go b\u00e1zii eal\u00e1hahkii, de searvvai pensionistasearv\u00e1i mas son lei sihke stivra\u00e1irras ja rehketdoalli. Son oa\u010d\u010dui Deanu ja Unj\u00e1rgga Lions gudneb\u00e1lkka\u0161umi 1995:s, danne go son guhkes \u00e1iggi ovddidii \u00e1\u0161\u0161iid mat pensionisttaide ledje deh\u00e1la\u010d\u010dat.<\/p>\n<div id=\"attachment_7297\" style=\"width: 910px\" class=\"wp-caption alignleft\"><a href=\"https:\/\/finnmarksarkivene.no\/wp-content\/uploads\/2019\/05\/bilde2.jpg\"><img aria-describedby=\"caption-attachment-7297\" loading=\"lazy\" class=\"size-large wp-image-7297\" src=\"https:\/\/finnmarksarkivene.no\/wp-content\/uploads\/2019\/05\/bilde2-1024x511.jpg\" alt=\"\" width=\"900\" height=\"449\" srcset=\"https:\/\/finnmarksarkivene.no\/wp-content\/uploads\/2019\/05\/bilde2-1024x511.jpg 1024w, https:\/\/finnmarksarkivene.no\/wp-content\/uploads\/2019\/05\/bilde2-300x150.jpg 300w, https:\/\/finnmarksarkivene.no\/wp-content\/uploads\/2019\/05\/bilde2-768x383.jpg 768w, https:\/\/finnmarksarkivene.no\/wp-content\/uploads\/2019\/05\/bilde2.jpg 1387w\" sizes=\"(max-width: 900px) 100vw, 900px\" \/><\/a><p id=\"caption-attachment-7297\" class=\"wp-caption-text\">Muhton govat b\u00e1berru\u0111ain ja rehketdoalus mat \u010d\u00e1jehit geat vuvde luosaid, man ollu luosaid ja luossahattiid. Govva: Deanu Musea, 2019.<\/p><\/div>\n<p><strong>Deanu Musea bargu Lavde-arkiivvain<\/strong><\/p>\n<p>Arkiiva d\u00e1rkkistuvvui njuk\u010dam\u00e1nus 2019. Dat lea r\u00e1ddjojuvvon 19 syrakeahtes sk\u00e1hpuid sisa, ja sisttisdoall\u00e1 die\u0111uid 1950-logu r\u00e1jes gitta 1970-logu r\u00e1djai.<\/p>\n<p>Arkiivva s\u00e1htt\u00e1 g\u00e1vdnat Finnm\u00e1rkkugiiss\u00e1s: <a href=\"https:\/\/finnmarksarkivene.no\/?p=315\">https:\/\/finnmarksarkivene.no\/?p=315<\/a><\/p>\n<p>Arkiivvas g\u00e1vnnaimet gova su eamidis Katrine Lavde. Dat gull\u00e1 musea govva\u010doakk\u00e1ldahkii ja dan registrerennummar lea DEM.F.00412.<\/p>\n<p>Golbma skuovvask\u00e1hppu maid sisa d\u00e1vvirat \u00e1lggos ledje r\u00e1ddjojuvvon gullet\u00a0\u00a0 \u00e1hto\u010doakk\u00e1ldahkii ja daid registrerennummir lea DEM.02181.<\/p>\n<div id=\"attachment_7298\" style=\"width: 684px\" class=\"wp-caption aligncenter\"><a href=\"https:\/\/finnmarksarkivene.no\/wp-content\/uploads\/2019\/05\/bilde3.jpg\"><img aria-describedby=\"caption-attachment-7298\" loading=\"lazy\" class=\"wp-image-7298 size-large\" src=\"https:\/\/finnmarksarkivene.no\/wp-content\/uploads\/2019\/05\/bilde3-674x1024.jpg\" alt=\"\" width=\"674\" height=\"1024\" srcset=\"https:\/\/finnmarksarkivene.no\/wp-content\/uploads\/2019\/05\/bilde3-674x1024.jpg 674w, https:\/\/finnmarksarkivene.no\/wp-content\/uploads\/2019\/05\/bilde3-197x300.jpg 197w, https:\/\/finnmarksarkivene.no\/wp-content\/uploads\/2019\/05\/bilde3-768x1167.jpg 768w, https:\/\/finnmarksarkivene.no\/wp-content\/uploads\/2019\/05\/bilde3.jpg 1290w\" sizes=\"(max-width: 674px) 100vw, 674px\" \/><\/a><p id=\"caption-attachment-7298\" class=\"wp-caption-text\">Katrine Lavde 1950-logus. Govvaarkiiva: DEM-F.000142, Deanu Musea. Govvideaddji: Amas.<\/p><\/div>\n<p>D\u00e1n vuoru bargu lei govvet buot mat ledje sk\u00e1hpuid siste. Mii leat v\u00e1ld\u00e1n eret buot ruston n\u00e1vll\u00e1\u017eiid\/binders ja \u010d\u00e1ll\u00e1n raporttaid ja bargolisttuid, mat vurkejuvvojit ja g\u00e1vdnojit musea arkiiva\u010doakk\u00e1ldagas. Arkiiva lea r\u00e1ddjojuvvon syrakeahtes sk\u00e1hpuid sisa amas ii billa\u0161uva. \u00c1rkkat vurkejuvvojit duolbut amas \u00e1rkkat ja girjjit eai m\u00e1hcca\u0161uva.<\/p>\n<div id=\"attachment_7299\" style=\"width: 910px\" class=\"wp-caption alignleft\"><a href=\"https:\/\/finnmarksarkivene.no\/wp-content\/uploads\/2019\/05\/bilde4_.jpg\"><img aria-describedby=\"caption-attachment-7299\" loading=\"lazy\" class=\"size-large wp-image-7299\" src=\"https:\/\/finnmarksarkivene.no\/wp-content\/uploads\/2019\/05\/bilde4_-1024x683.jpg\" alt=\"\" width=\"900\" height=\"600\" srcset=\"https:\/\/finnmarksarkivene.no\/wp-content\/uploads\/2019\/05\/bilde4_-1024x683.jpg 1024w, https:\/\/finnmarksarkivene.no\/wp-content\/uploads\/2019\/05\/bilde4_-300x200.jpg 300w, https:\/\/finnmarksarkivene.no\/wp-content\/uploads\/2019\/05\/bilde4_-768x512.jpg 768w, https:\/\/finnmarksarkivene.no\/wp-content\/uploads\/2019\/05\/bilde4_.jpg 1386w\" sizes=\"(max-width: 900px) 100vw, 900px\" \/><\/a><p id=\"caption-attachment-7299\" class=\"wp-caption-text\">Rehketgirjjit leat d\u00e1b\u00e1la\u0161 buori ortnegis, muhto muhtumat leat veah\u00e1\u0161 billa\u0161uvvan go leat geass\u00e1n l\u00e1ktasa. Govva: Deanu Musea, 2019.<\/p><\/div>\n<p>Mii leat dahkan o\u0111\u0111a govva- ja \u00e1htoregistreremiid. Ie\u0161gu\u0111et die\u0111ut leat \u010dohkkejuvvon ovtta sadj\u00e1i vai olles muitalusa s\u00e1htt\u00e1 gaskkustit. Dan barggu olis leat musea govva, arkiiva ja \u00e1hto\u010doakk\u00e1ldagat bures dik\u0161ojuvvon ja buot die\u0111ut\/gaskavuo\u0111at leat \u010dohkkejuvvon ie\u0161gu\u0111et diehtovuo\u0111uide. O\u0111\u0111a digit\u00e1la \u010dovdosiiguin lea d\u00e1l buoret vejola\u0161vuohta gaskkustit ja o\u0111asmahttit musea \u010doakk\u00e1ldagaid.<\/p>\n<div id=\"attachment_7301\" style=\"width: 910px\" class=\"wp-caption alignleft\"><a href=\"https:\/\/finnmarksarkivene.no\/wp-content\/uploads\/2019\/05\/bilde6.jpg\"><img aria-describedby=\"caption-attachment-7301\" loading=\"lazy\" class=\"size-large wp-image-7301\" src=\"https:\/\/finnmarksarkivene.no\/wp-content\/uploads\/2019\/05\/bilde6-1024x652.jpg\" alt=\"\" width=\"900\" height=\"573\" srcset=\"https:\/\/finnmarksarkivene.no\/wp-content\/uploads\/2019\/05\/bilde6-1024x652.jpg 1024w, https:\/\/finnmarksarkivene.no\/wp-content\/uploads\/2019\/05\/bilde6-300x191.jpg 300w, https:\/\/finnmarksarkivene.no\/wp-content\/uploads\/2019\/05\/bilde6-768x489.jpg 768w, https:\/\/finnmarksarkivene.no\/wp-content\/uploads\/2019\/05\/bilde6.jpg 1387w\" sizes=\"(max-width: 900px) 100vw, 900px\" \/><\/a><p id=\"caption-attachment-7301\" class=\"wp-caption-text\">Buorit ja stuora bargolanjat. D\u00e1s oaidnibehtet govvasta\u0161uvnna, pc, \u010d\u00e1l\u00e1na ja sc\u00e1nn\u00e1ra. Govva: Deanu Musea, 2019.<\/p><\/div>\n<p>Deanu Musea govvavuorkk\u00e1s g\u00e1vnnaimet maid gova Nils-Andreas d\u00e1lus maid girdis lea govven. Dan lea Wider\u00f8e Flyveselskap A\\S govven 1963:s. Gova registrerennummir lea DEM-F.000143,\u00a0 , wider\u00f8e govva\u010doakk\u00e1ldat lea g\u00e1vdnamis digit\u00e1la musea siidduin; <a href=\"https:\/\/digitaltmuseum.no\/011015213745\/fjellanger-wideroe-flyfoto-tana-kommune\">https:\/\/digitaltmuseum.no\/011015213745\/fjellanger-wideroe-flyfoto-tana-kommune<\/a>.<\/p>\n<p>Die\u0111ut leat o\u0111asmahttojuvvon ja buot \u00e1igeguovdilis die\u0111ut leat \u010dohkkejuvvon PRIMUS diehtovu\u0111\u0111ui, mii lea musea digit\u00e1la bargoreaidu.<\/p>\n<div id=\"attachment_7302\" style=\"width: 910px\" class=\"wp-caption alignleft\"><a href=\"https:\/\/finnmarksarkivene.no\/wp-content\/uploads\/2019\/05\/bilde7.jpg\"><img aria-describedby=\"caption-attachment-7302\" loading=\"lazy\" class=\"size-large wp-image-7302\" src=\"https:\/\/finnmarksarkivene.no\/wp-content\/uploads\/2019\/05\/bilde7-1024x689.jpg\" alt=\"\" width=\"900\" height=\"606\" srcset=\"https:\/\/finnmarksarkivene.no\/wp-content\/uploads\/2019\/05\/bilde7-1024x689.jpg 1024w, https:\/\/finnmarksarkivene.no\/wp-content\/uploads\/2019\/05\/bilde7-300x202.jpg 300w, https:\/\/finnmarksarkivene.no\/wp-content\/uploads\/2019\/05\/bilde7-768x517.jpg 768w, https:\/\/finnmarksarkivene.no\/wp-content\/uploads\/2019\/05\/bilde7.jpg 1486w\" sizes=\"(max-width: 900px) 100vw, 900px\" \/><\/a><p id=\"caption-attachment-7302\" class=\"wp-caption-text\">Fotoarkiv: DEM-F.000143 Tana Museum Fotograf: Wider\u00f8e Flyveselskap A\\S<\/p><\/div>\n<p><strong>Deanu musea arkiivavuork\u00e1 \u2013 sevdnjes lanjain ja \u010diegain b\u00e1\u014bkokeall\u00e1rii<\/strong><\/p>\n<div id=\"attachment_7303\" style=\"width: 810px\" class=\"wp-caption alignleft\"><a href=\"https:\/\/finnmarksarkivene.no\/wp-content\/uploads\/2019\/05\/bilde8.jpg\"><img aria-describedby=\"caption-attachment-7303\" loading=\"lazy\" class=\"size-full wp-image-7303\" src=\"https:\/\/finnmarksarkivene.no\/wp-content\/uploads\/2019\/05\/bilde8.jpg\" alt=\"\" width=\"800\" height=\"287\" srcset=\"https:\/\/finnmarksarkivene.no\/wp-content\/uploads\/2019\/05\/bilde8.jpg 800w, https:\/\/finnmarksarkivene.no\/wp-content\/uploads\/2019\/05\/bilde8-300x108.jpg 300w, https:\/\/finnmarksarkivene.no\/wp-content\/uploads\/2019\/05\/bilde8-768x276.jpg 768w\" sizes=\"(max-width: 800px) 100vw, 800px\" \/><\/a><p id=\"caption-attachment-7303\" class=\"wp-caption-text\">V\u00e1ldoviessu musea\u0161iljus Buolbm\u00e1gis. Govva: Deanu Musea<\/p><\/div>\n<p>Priv\u00e1htaarkiivvat ja musea ie\u017eas arkiiva vurkejuvvojedje Buolbm\u00e1t museas gitta 2015 r\u00e1djai. \u00a0Ollu d\u00e1vvirat vurkejuvvojedje sm\u00e1vva lanja\u017eiin ja lovttain, gos d\u00e1b\u00e1la\u010d\u010dat lei l\u00e1vttas ja rievddadeaddji temperatuvra. S\u00e1hp\u00e1niidda lei \u00e1lki dohko beassat. Sihke arkiiva ja bargit d\u00e1rbba\u0161edje o\u0111\u0111a ja buoret bargolanjaid. Musea l\u00e1igoha d\u00e1l kantuvrraid Deanu Eal\u00e1husguovdd\u00e1\u017eis gos lea lahka arkiivalatnjii mii lea b\u00e1\u014bkokeall\u00e1ris Deanu\u0161alddis. Doppe leat buorit vurkenvejola\u0161vuo\u0111at Deanu Musea \u010doakk\u00e1ldagaide ja arkiivvaide, ja buorre bargodilli. D\u00e1l go magasiidnavejola\u0161vuo\u0111at b\u00e1\u014bkokeall\u00e1ris leat nu buorit, de \u00e1igut lagamus \u00e1iggis v\u00e1ldit Deanu \u00e1ssiiguin oktavuo\u0111a ja f\u00e1llat arkiivasaji sin priv\u00e1htaarkiivvaide.<\/p>\n<div id=\"attachment_7304\" style=\"width: 910px\" class=\"wp-caption alignleft\"><a href=\"https:\/\/finnmarksarkivene.no\/wp-content\/uploads\/2019\/05\/bilde9.jpg\"><img aria-describedby=\"caption-attachment-7304\" loading=\"lazy\" class=\"size-large wp-image-7304\" src=\"https:\/\/finnmarksarkivene.no\/wp-content\/uploads\/2019\/05\/bilde9-1024x366.jpg\" alt=\"\" width=\"900\" height=\"322\" srcset=\"https:\/\/finnmarksarkivene.no\/wp-content\/uploads\/2019\/05\/bilde9-1024x366.jpg 1024w, https:\/\/finnmarksarkivene.no\/wp-content\/uploads\/2019\/05\/bilde9-300x107.jpg 300w, https:\/\/finnmarksarkivene.no\/wp-content\/uploads\/2019\/05\/bilde9-768x274.jpg 768w, https:\/\/finnmarksarkivene.no\/wp-content\/uploads\/2019\/05\/bilde9.jpg 1596w\" sizes=\"(max-width: 900px) 100vw, 900px\" \/><\/a><p id=\"caption-attachment-7304\" class=\"wp-caption-text\">Deanu Eal\u00e1husguovdd\u00e1\u0161 ja b\u00e1\u014bkoviessu gos musea d\u00e1l l\u00e1igoha guokte kantuvrra, kopilanja ja arkiivalanja. Lanjat g\u00e1rv\u00e1nedje guovvam\u00e1nus 2019. Govva: Deanu Musea.<\/p><\/div>\n<p><strong>Die\u0111\u00e1t go ovttage johkafatnasa maid Nils-Andreas Lavde lea duddjon?<\/strong><\/p>\n<p>Katalogiserenbarggu bokte leat musea bargit ja b\u00e1ikk\u00e1la\u0161 olbmot eanet bero\u0161ti\u0161goaht\u00e1n Nils-Andreas Lavde bargguin. Liv\u010d\u010dii min \u010doakk\u00e1ldahkii riggodahkan jos nagodiv\u010d\u010diimet g\u00e1vdnat johkafatnasa maid son lea r\u00e1hkadan. Mis lea oktavuohta b\u00e1ikk\u00e1la\u0161 olbmuiguin geat veahkehit ohcat johkafatnasa. Jos die\u0111\u00e1t johkafatnasa maid Nils-Andreas Lavde lea r\u00e1hkadan, de v\u00e1ldde \u00e1innas oktavuo\u0111a Deanu Museain.<\/p>\n<p>Leat leama\u0161 s\u00e1gastallamat dan birra ahte galg\u00e1 go arkiiva s\u00e1ddejuvvot s\u00e1mi arkiivii. Min mielas lea deh\u00e1la\u0161 ahte mii ja b\u00e1ikk\u00e1la\u0161 olbmot galget beassat oahp\u00e1smuvvat d\u00e1inna arkiivvain.\u00a0 Danne lea hui buorre ahte mii vuos katalogiseret ja oahp\u00e1smuvvat d\u00e1vviriiguin ovdal go daid s\u00e1ddet viid\u00e1seappot. Mii dal juo d\u00e1hp\u00e1huva\u0161 boahttevuo\u0111as, de lea arkiivvas buorre dilli doppe gos d\u00e1l lea. Mii bargat priv\u00e1htaarkiivvaiguin \u010da\u0111at. Mii galgat d\u00e1n jagi mielde oa\u017e\u017eut sadj\u00e1i arkiiva-\/arkiivalatnjapl\u00e1na.\u00a0 Musea h\u00e1liida gaskkustit arkiivvaid vai buohkat geat h\u00e1liidit besset daidda oahp\u00e1smuvvat.<\/p>\n<div id=\"attachment_7300\" style=\"width: 910px\" class=\"wp-caption alignleft\"><a href=\"https:\/\/finnmarksarkivene.no\/wp-content\/uploads\/2019\/05\/bilde5.jpg\"><img aria-describedby=\"caption-attachment-7300\" loading=\"lazy\" class=\"size-large wp-image-7300\" src=\"https:\/\/finnmarksarkivene.no\/wp-content\/uploads\/2019\/05\/bilde5-1024x480.jpg\" alt=\"\" width=\"900\" height=\"422\" srcset=\"https:\/\/finnmarksarkivene.no\/wp-content\/uploads\/2019\/05\/bilde5-1024x480.jpg 1024w, https:\/\/finnmarksarkivene.no\/wp-content\/uploads\/2019\/05\/bilde5-300x141.jpg 300w, https:\/\/finnmarksarkivene.no\/wp-content\/uploads\/2019\/05\/bilde5-768x360.jpg 768w, https:\/\/finnmarksarkivene.no\/wp-content\/uploads\/2019\/05\/bilde5.jpg 1386w\" sizes=\"(max-width: 900px) 100vw, 900px\" \/><\/a><p id=\"caption-attachment-7300\" class=\"wp-caption-text\">Arkiiva lea r\u00e1ddjojuvvon syrakeahtes sk\u00e1hpuid sisa. Gasko oaidnibehtet golbma skuovvask\u00e1hppu maid sisa arkiiva lei r\u00e1ddjojuvvon \u00e1lggos. Dat leat oassin \u010doakk\u00e1ldagas ja leat o\u017e\u017eon registrerennummira DEM.02181. Govva: Deanu Musea, 2019.<\/p><\/div>\n<p><em>\u00a0<\/em><\/p>\n<p>&nbsp;<\/p>\n<p>&nbsp;<\/p>\n<p>&nbsp;<\/p>\n<p>&nbsp;<\/p>\n<p>&nbsp;<\/p>\n","protected":false},"excerpt":{"rendered":"D\u00e1n jagi lea vuostta\u0161 riikkaidgaskasa\u0161 luondduluossajahki. Finnm\u00e1rkoarkiivvat h\u00e1liidit dan oktavuo\u0111as fuom\u00e1\u0161ahttit erenoam\u00e1\u017eit luossaoasti Andreas Lavde arkiivva, mii vurkejuvvo Deanu museas. Arkiiva muitala mo s\u00e1mi \u00e1rbevirola\u0161guol\u00e1steapmi \u010da\u0111ahuvvui \u00a0Deano\u010d\u00e1z\u00e1dagas, mii lea okta m\u00e1ilmmi stuor\u00e1mus \u010d\u00e1z\u00e1dat gos g\u00e1vdnojit atl\u00e1ntala\u0161 luondduluosat. \u00a0","protected":false},"author":1,"featured_media":7300,"comment_status":"closed","ping_status":"closed","sticky":false,"template":"","format":"standard","meta":[],"categories":[4],"tags":[],"_links":{"self":[{"href":"https:\/\/finnmarksarkivene.no\/index.php?rest_route=\/wp\/v2\/posts\/7743"}],"collection":[{"href":"https:\/\/finnmarksarkivene.no\/index.php?rest_route=\/wp\/v2\/posts"}],"about":[{"href":"https:\/\/finnmarksarkivene.no\/index.php?rest_route=\/wp\/v2\/types\/post"}],"author":[{"embeddable":true,"href":"https:\/\/finnmarksarkivene.no\/index.php?rest_route=\/wp\/v2\/users\/1"}],"replies":[{"embeddable":true,"href":"https:\/\/finnmarksarkivene.no\/index.php?rest_route=%2Fwp%2Fv2%2Fcomments&post=7743"}],"version-history":[{"count":8,"href":"https:\/\/finnmarksarkivene.no\/index.php?rest_route=\/wp\/v2\/posts\/7743\/revisions"}],"predecessor-version":[{"id":7759,"href":"https:\/\/finnmarksarkivene.no\/index.php?rest_route=\/wp\/v2\/posts\/7743\/revisions\/7759"}],"wp:featuredmedia":[{"embeddable":true,"href":"https:\/\/finnmarksarkivene.no\/index.php?rest_route=\/wp\/v2\/media\/7300"}],"wp:attachment":[{"href":"https:\/\/finnmarksarkivene.no\/index.php?rest_route=%2Fwp%2Fv2%2Fmedia&parent=7743"}],"wp:term":[{"taxonomy":"category","embeddable":true,"href":"https:\/\/finnmarksarkivene.no\/index.php?rest_route=%2Fwp%2Fv2%2Fcategories&post=7743"},{"taxonomy":"post_tag","embeddable":true,"href":"https:\/\/finnmarksarkivene.no\/index.php?rest_route=%2Fwp%2Fv2%2Ftags&post=7743"}],"curies":[{"name":"wp","href":"https:\/\/api.w.org\/{rel}","templated":true}]}}