{"id":7751,"date":"2019-12-09T08:28:18","date_gmt":"2019-12-09T08:28:18","guid":{"rendered":"http:\/\/finnmarksarkivene.no\/?p=7751"},"modified":"2021-04-07T06:56:00","modified_gmt":"2021-04-07T06:56:00","slug":"varangerarkiver-er-na-pa-arkivportalen","status":"publish","type":"post","link":"https:\/\/finnmarksarkivene.no\/?p=7751","title":{"rendered":"V\u00e1rjjat-arkiivvat g\u00e1vdnojit d\u00e1l Arkiivaport\u00e1las"},"content":{"rendered":"<p><strong>V\u00e1rjjat Musea IKS \u00e1lggahii V\u00e1rjjat-arkiivapro\u0161eavtta maid Arkiivadoaimmahat ja SNN-foandda ruhtadit ovd\u00e1nahttinru\u0111aid bokte. V\u00e1rgg\u00e1id, \u010c\u00e1hcesullo ja Girkonj\u00e1rgga ossodagat \u00e1immahu\u0161\u0161et daid ja sii galget daid dik\u0161ut, katalogiseret ja registreret Asta vuog\u00e1dahkii ja almmuhit daid Arkiivaport\u00e1la bokte. Bargu lea bures boaht\u00e1n johtui!\u00a0 <\/strong><\/p>\n<p><!--more--><\/p>\n<p>V\u00e1rjjat musea golbma ossodaga leat investeren Asta-vuog\u00e1daga, mii lea historjj\u00e1la\u0161 arkiivvaid elektronala\u0161 registrerenvuog\u00e1dat. D\u00e1l juo s\u00e1httet sohkadutkit, girje\u010d\u00e1llit, dutkit, b\u00e1ikk\u00e1la\u0161 historihkk\u00e1rat ja ear\u00e1\u00a0 arkiivageavaheaddjit illudit go d\u00e1l sis lea vejola\u0161 g\u00e1vdnat museaid m\u00e1\u014bgalogi priv\u00e1hta arkiivvaid Arkiivaport\u00e1las. Brodtkorb Handel, Bussesundfergen,\u00a0 Nuorta-Finnm\u00e1rkku Godtemplarlosjene ovcci searvvi ja Vard\u00f8 turnforening arkiivvat leat g\u00e1vdnamis ja sii geat h\u00e1liidit s\u00e1httet daid \u00e1vkk\u00e1stallat Arkiivaport\u00e1las.<\/p>\n<p>V\u00e1rgg\u00e1ide gulleva\u0161 guovdd\u00e1\u0161fitnodaga Br\u00f8drene Aars\u00e6ther \u010die\u017ea mehter arkiiva lea boa\u0111i boa\u0111i, ja bero\u0161teaddjit besset farga geavahit \u010dohkkejuvvon materi\u00e1laid mat leat erenoam\u00e1\u017eit \u00e1igodagas 1925-1958.<\/p>\n<p>Ja eanet die\u0111ut ilbmet!<\/p>\n<p>V\u00e1rjjat musea almmuhuvvon arkiivvaid g\u00e1vnnat d\u00e1ppe:<\/p>\n<p><a href=\"https:\/\/www.arkivportalen.no\/search\/1?unitType=1000&amp;repository=VAMU\" target=\"_blank\" rel=\"noopener\">https:\/\/www.arkivportalen.no\/search\/1?unitType=1000&amp;repository=VAMU<\/a><\/p>\n<p>Eanet die\u0111ut V\u00e1rjjat-arkiivvaid pro\u0161eavttas:<\/p>\n<p><a href=\"https:\/\/www.varangermuseum.no\/vaarrengjoering\/\" target=\"_blank\" rel=\"noopener\">https:\/\/www.varangermuseum.no\/vaarrengjoering\/<\/a><\/p>\n<div id=\"attachment_7476\" style=\"width: 729px\" class=\"wp-caption aligncenter\"><a href=\"https:\/\/finnmarksarkivene.no\/wp-content\/uploads\/2019\/06\/Inger-Lene-og-Maria.png\"><img aria-describedby=\"caption-attachment-7476\" loading=\"lazy\" class=\"wp-image-7476 size-full\" src=\"https:\/\/finnmarksarkivene.no\/wp-content\/uploads\/2019\/06\/Inger-Lene-og-Maria.png\" alt=\"\" width=\"719\" height=\"374\" srcset=\"https:\/\/finnmarksarkivene.no\/wp-content\/uploads\/2019\/06\/Inger-Lene-og-Maria.png 719w, https:\/\/finnmarksarkivene.no\/wp-content\/uploads\/2019\/06\/Inger-Lene-og-Maria-300x156.png 300w\" sizes=\"(max-width: 719px) 100vw, 719px\" \/><\/a><p id=\"caption-attachment-7476\" class=\"wp-caption-text\">Bildetekster: Prosjektleder Inger Govvateavsttat: Pro\u0161eaktajo\u0111iheaddji Inger Lene Nyttingnes (olge\u0161 ravddas) ja gaskkusteaddji Maria Bertheussen Skrydstrup gii l\u00e1h\u010d\u00e1 ja almmuha arkiivvaid geavaheddjiid v\u00e1r\u00e1s. Govven: Magne Henriksen.<\/p><\/div>\n<div id=\"attachment_7471\" style=\"width: 970px\" class=\"wp-caption alignleft\"><a href=\"https:\/\/finnmarksarkivene.no\/wp-content\/uploads\/2019\/06\/BR.-Aars\u00e6ther-Vard\u00f8.jpg\"><img aria-describedby=\"caption-attachment-7471\" loading=\"lazy\" class=\"size-full wp-image-7471\" src=\"https:\/\/finnmarksarkivene.no\/wp-content\/uploads\/2019\/06\/BR.-Aars\u00e6ther-Vard\u00f8.jpg\" alt=\"\" width=\"960\" height=\"946\" srcset=\"https:\/\/finnmarksarkivene.no\/wp-content\/uploads\/2019\/06\/BR.-Aars\u00e6ther-Vard\u00f8.jpg 960w, https:\/\/finnmarksarkivene.no\/wp-content\/uploads\/2019\/06\/BR.-Aars\u00e6ther-Vard\u00f8-300x296.jpg 300w, https:\/\/finnmarksarkivene.no\/wp-content\/uploads\/2019\/06\/BR.-Aars\u00e6ther-Vard\u00f8-768x757.jpg 768w\" sizes=\"(max-width: 960px) 100vw, 960px\" \/><\/a><p id=\"caption-attachment-7471\" class=\"wp-caption-text\">Govva: V\u00e1rjjat musea<\/p><\/div>\n","protected":false},"excerpt":{"rendered":"V\u00e1rjjat Musea IKS \u00e1lggahii V\u00e1rjjat-arkiivapro\u0161eavtta maid Arkiivadoaimmahat ja SNN-foandda ruhtadit ovd\u00e1nahttinru\u0111aid bokte. V\u00e1rgg\u00e1id, \u010c\u00e1hcesullo ja Girkonj\u00e1rgga ossodagat \u00e1immahu\u0161\u0161et daid ja sii galget daid dik\u0161ut, katalogiseret ja registreret Asta vuog\u00e1dahkii ja almmuhit daid Arkiivaport\u00e1la bokte. Bargu lea bures boaht\u00e1n johtui!\u00a0","protected":false},"author":1,"featured_media":7476,"comment_status":"closed","ping_status":"closed","sticky":false,"template":"","format":"standard","meta":[],"categories":[4],"tags":[],"_links":{"self":[{"href":"https:\/\/finnmarksarkivene.no\/index.php?rest_route=\/wp\/v2\/posts\/7751"}],"collection":[{"href":"https:\/\/finnmarksarkivene.no\/index.php?rest_route=\/wp\/v2\/posts"}],"about":[{"href":"https:\/\/finnmarksarkivene.no\/index.php?rest_route=\/wp\/v2\/types\/post"}],"author":[{"embeddable":true,"href":"https:\/\/finnmarksarkivene.no\/index.php?rest_route=\/wp\/v2\/users\/1"}],"replies":[{"embeddable":true,"href":"https:\/\/finnmarksarkivene.no\/index.php?rest_route=%2Fwp%2Fv2%2Fcomments&post=7751"}],"version-history":[{"count":3,"href":"https:\/\/finnmarksarkivene.no\/index.php?rest_route=\/wp\/v2\/posts\/7751\/revisions"}],"predecessor-version":[{"id":8139,"href":"https:\/\/finnmarksarkivene.no\/index.php?rest_route=\/wp\/v2\/posts\/7751\/revisions\/8139"}],"wp:featuredmedia":[{"embeddable":true,"href":"https:\/\/finnmarksarkivene.no\/index.php?rest_route=\/wp\/v2\/media\/7476"}],"wp:attachment":[{"href":"https:\/\/finnmarksarkivene.no\/index.php?rest_route=%2Fwp%2Fv2%2Fmedia&parent=7751"}],"wp:term":[{"taxonomy":"category","embeddable":true,"href":"https:\/\/finnmarksarkivene.no\/index.php?rest_route=%2Fwp%2Fv2%2Fcategories&post=7751"},{"taxonomy":"post_tag","embeddable":true,"href":"https:\/\/finnmarksarkivene.no\/index.php?rest_route=%2Fwp%2Fv2%2Ftags&post=7751"}],"curies":[{"name":"wp","href":"https:\/\/api.w.org\/{rel}","templated":true}]}}