{"id":7847,"date":"2020-05-05T08:05:47","date_gmt":"2020-05-05T08:05:47","guid":{"rendered":"http:\/\/finnmarksarkivene.no\/?p=7847"},"modified":"2021-04-22T07:45:54","modified_gmt":"2021-04-22T07:45:54","slug":"brodtkorb-arkiivi-kvaanihistuurian-lahe","status":"publish","type":"post","link":"https:\/\/finnmarksarkivene.no\/?p=7847","title":{"rendered":"Om Brodtkorbarkivet p\u00e5 kvensk: Brodtkorb-arkiivi \u2013 kv\u00e4\u00e4nihistuurian l\u00e4he"},"content":{"rendered":"<h4><b>Inger Lene Nyttingnes sin artikkel om Brodtkorbarkivet er n\u00e5 oversatt til kvensk: <\/b><\/h4>\n<h4><b>Andreas Esbensen Brodtkorb k\u00e4vi paljon kauppaa Vuoreassa niitten kv\u00e4\u00e4nitten kans kekk\u00e4 olthiin j\u00e4\u00e4nheet asumhaan Kuolan niemimaale. H\u00e4n k\u00e4vi kauppaa niin yksitt\u00e4isten ihmisten ko kv\u00e4\u00e4nitten fiskukomppanitten kans. <\/b><!--more--><\/h4>\n<p>Arkiivin oon nyt oornattu ja rekistreerattu, ja kaikin keil\u00e4 oon intressi, p\u00e4\u00e4sth\u00e4\u00e4n nyt pit\u00e4mh\u00e4\u00e4n n\u00e4it\u00e4 l\u00e4htheit\u00e4 mit\u00e4 ei ennen ole pietty ja mikk\u00e4 kuuluthaan kv\u00e4\u00e4nihistuurihaan. Materiaali antaa rikkhaan kuvan siit\u00e4 likheisest\u00e4 kontaktista joka oli Kuolan kv\u00e4\u00e4nitten ja Brodtkorb-kaupan v\u00e4lil\u00e4 Vuoreassa.\u00a0Se arvelhaan ette t\u00e4m\u00e4 kontakti teki henkkaavuuen kv\u00e4\u00e4nitten ja Brodtkorb-kaupan v\u00e4lil\u00e4, mutta se kans antoi kv\u00e4\u00e4nile paremat maholisuuet p\u00e4rj\u00e4t\u00e4.<\/p>\n<p><span style=\"font-weight: 400;\">Kirjottaja: Inger Lene Nyttingnes, Prosjektinjohtaja, Varenkinarkiivit <\/span><b>\u2013\u00a0 <\/b><span style=\"font-weight: 400;\">Varenkin museumi<\/span> <span style=\"font-weight: 400;\">(Varangerarkiver Varanger museum IKS)\u00a0<\/span><\/p>\n<div id=\"attachment_7133\" style=\"width: 910px\" class=\"wp-caption aligncenter\"><a href=\"https:\/\/finnmarksarkivene.no\/wp-content\/uploads\/2019\/03\/Kvener-p\u00e5-Russekysten-nr-2.jpg\"><img aria-describedby=\"caption-attachment-7133\" loading=\"lazy\" class=\"size-large wp-image-7133\" src=\"https:\/\/finnmarksarkivene.no\/wp-content\/uploads\/2019\/03\/Kvener-p\u00e5-Russekysten-nr-2-1024x576.jpg\" alt=\"\" width=\"900\" height=\"506\" srcset=\"https:\/\/finnmarksarkivene.no\/wp-content\/uploads\/2019\/03\/Kvener-p\u00e5-Russekysten-nr-2-1024x576.jpg 1024w, https:\/\/finnmarksarkivene.no\/wp-content\/uploads\/2019\/03\/Kvener-p\u00e5-Russekysten-nr-2-300x169.jpg 300w, https:\/\/finnmarksarkivene.no\/wp-content\/uploads\/2019\/03\/Kvener-p\u00e5-Russekysten-nr-2-768x432.jpg 768w, https:\/\/finnmarksarkivene.no\/wp-content\/uploads\/2019\/03\/Kvener-p\u00e5-Russekysten-nr-2.jpg 1168w\" sizes=\"(max-width: 900px) 100vw, 900px\" \/><\/a><p id=\"caption-attachment-7133\" class=\"wp-caption-text\">\u00abCompanibog for Kv\u00e6ner paa Russekysten\u00bb oon nouettu Brodtkorbin arkiivista joka oon Varenkin museumissa Vuoreassa. Foto: Inger Lene Nyttingnes<\/p><\/div>\n<p><span style=\"font-weight: 400;\">Brodtkorb kaupasta j\u00e4i j\u00e4ljele arkiivi. Sen oon oornattu ja rekistreerattu syksyl\u00e4 2018. Kaikin keil\u00e4 oon intressi, p\u00e4\u00e4sth\u00e4\u00e4n nyt pit\u00e4mh\u00e4\u00e4n n\u00e4it\u00e4 l\u00e4htheit\u00e4 mit\u00e4 ei ennen ole pietty ja mikk\u00e4 kuuluthaan kv\u00e4\u00e4nihistuurihaan.<\/span><\/p>\n<p><span style=\"font-weight: 400;\">Brodtkorb k\u00e4vi Vuoreassa paljon kauppaa niitten kv\u00e4\u00e4nitten kans kekk\u00e4 olthiin j\u00e4\u00e4nheet asumhaan Kuolan niemimaale. H\u00e4n k\u00e4vi kauppaa niin yksitt\u00e4isten ihmisten ko kv\u00e4\u00e4nitten fiskukomppanitten kans.<\/span><\/p>\n<p><span style=\"font-weight: 400;\">Se oon olletikki kuusi prutukollia mikk\u00e4 oon kv\u00e4\u00e4nist\u00e4. Niitten tittelit oon: \u00abKonto for Kv\u00e6ner og Nordm\u00e6nd paa Russefinmarken\u00bb nr. 1 ja 2, \u00abCompagnibog for Kv\u00e6nerne paa Russekysten\u00bb nr. 2 ja nr. 17 (transp.), ja \u00abKv\u00e6nkladde\u00bb nr. 1 ja nr. 2. Yksi kv\u00e4\u00e4nikladdi (kvenkladd) oon ik\u00e4v\u00e4 kyll\u00e4 huonossa kunnossa palovahingoitten t\u00e4hen. Mutta osan prutukollista<\/span> <span style=\"font-weight: 400;\">saattaa viel\u00e4ki lukia ja sen oon fotografeerattu nuukasti<\/span> <span style=\"font-weight: 400;\">Vuorean museumissa.\u00a0<\/span><\/p>\n<div id=\"attachment_7135\" style=\"width: 910px\" class=\"wp-caption aligncenter\"><a href=\"https:\/\/finnmarksarkivene.no\/wp-content\/uploads\/2019\/03\/Kontobog-for-nordm\u00e6nd-og-kvener-nr-1.jpg\"><img aria-describedby=\"caption-attachment-7135\" loading=\"lazy\" class=\"size-large wp-image-7135\" src=\"https:\/\/finnmarksarkivene.no\/wp-content\/uploads\/2019\/03\/Kontobog-for-nordm\u00e6nd-og-kvener-nr-1-1024x683.jpg\" alt=\"\" width=\"900\" height=\"600\" srcset=\"https:\/\/finnmarksarkivene.no\/wp-content\/uploads\/2019\/03\/Kontobog-for-nordm\u00e6nd-og-kvener-nr-1-1024x683.jpg 1024w, https:\/\/finnmarksarkivene.no\/wp-content\/uploads\/2019\/03\/Kontobog-for-nordm\u00e6nd-og-kvener-nr-1-300x200.jpg 300w, https:\/\/finnmarksarkivene.no\/wp-content\/uploads\/2019\/03\/Kontobog-for-nordm\u00e6nd-og-kvener-nr-1-768x512.jpg 768w\" sizes=\"(max-width: 900px) 100vw, 900px\" \/><\/a><p id=\"caption-attachment-7135\" class=\"wp-caption-text\">Kirjassa \u201cKv\u00e6nbog\u201d \u2013 Kontobok for nordmenn og kvener\u201d oon n\u00f6iji selvitys tavaroista ja palveluksista mit\u00e4 oon myyty, vaihetettu ja ostettu. T\u00e4m\u00e4 r\u00e4kn\u00e4yksenpito oon vuoesta 1869 saakka ja kiini vuotheen 1919 asti. Se oli varhain ko Kuolaa alethiin koloniseeraamhaan. Foto: Inger Lene Nyttingnes.<\/p><\/div>\n<p><span style=\"font-weight: 400;\">Prutukollissa oon n\u00f6iji selvitys tavaroista ja palveluista mit\u00e4 oon myyty, vaihetettu ja ostettu. R\u00e4kn\u00e4yksenpito oon vuoesta 1869 saakka ja kiini vuotheen 1919 asti. Se oli varhain ko Kuolaa alethiin koloniseeraamhaan.\u00a0<\/span><\/p>\n<p><span style=\"font-weight: 400;\">Isoimassa osassa materiaalii n\u00e4yteth\u00e4\u00e4n kunka ihmiset oon pystynheet tuomhaan vaihtotavaraa, niin ko ymmyr\u00e4iskallaa, hyys\u00e4\u00e4 ja maksaa Brodtkorb-kaupphaan. Se n\u00e4ytt\u00e4\u00e4 kans kunka het saathiin ruokatavaroita niin ko kryyni\u00e4, jauhoja, suolaa, tupakkaa ja kaffia. Se saattoi kans olla kysymys laikkovenheist\u00e4, niitten myynist\u00e4 ja kans rakentamistavaroista niin ko piikarista, plankuista tahi hiilist\u00e4. Monesta ihmisest\u00e4 se saattaa lukia ette Brodtkorb osti he\u00e4n venhej\u00e4, ja j\u00e4lkhiin h\u00e4n laikotti sen ulos heile nelj\u00e4nell\u00e4 osala siit\u00e4 mit\u00e4 ostohinta oli ollu.<\/span><\/p>\n<div id=\"attachment_7136\" style=\"width: 910px\" class=\"wp-caption aligncenter\"><a href=\"https:\/\/finnmarksarkivene.no\/wp-content\/uploads\/2019\/03\/kv\u00e6nkladd.jpg\"><img aria-describedby=\"caption-attachment-7136\" loading=\"lazy\" class=\"size-large wp-image-7136\" src=\"https:\/\/finnmarksarkivene.no\/wp-content\/uploads\/2019\/03\/kv\u00e6nkladd-1024x683.jpg\" alt=\"\" width=\"900\" height=\"600\" srcset=\"https:\/\/finnmarksarkivene.no\/wp-content\/uploads\/2019\/03\/kv\u00e6nkladd-1024x683.jpg 1024w, https:\/\/finnmarksarkivene.no\/wp-content\/uploads\/2019\/03\/kv\u00e6nkladd-300x200.jpg 300w, https:\/\/finnmarksarkivene.no\/wp-content\/uploads\/2019\/03\/kv\u00e6nkladd-768x512.jpg 768w\" sizes=\"(max-width: 900px) 100vw, 900px\" \/><\/a><p id=\"caption-attachment-7136\" class=\"wp-caption-text\">Yksi kv\u00e4\u00e4nikladdi (kvenkladd) oon ik\u00e4v\u00e4 kyll\u00e4 joukon huonossa kunnossa palovahingoitten t\u00e4hen, mutta osa prukukollista oon viel\u00e4 maholista lukia. Sen oon fotografeerattu nuukasti Vuorean museumissa. Foto: Inger Lene Nyttingnes<\/p><\/div>\n<p><span style=\"font-weight: 400;\">Materiaali antaa maholisuuen seurata n\u00e4it\u00e4 ihmisi\u00e4 monen vuojen aikaa ja kans perheit\u00e4 usseitten sukupolvitten ylitte.\u00a0<\/span><\/p>\n<p><span style=\"font-weight: 400;\">Net muistelevat kans niin pienist\u00e4 harkinoista ko isomista, ja tehh\u00e4\u00e4n isomat kehitystreekit n\u00e4kyv\u00e4ksi. Joh. Petter Luhiniemi asui Orassa.\u00a0 Met saatama muun my\u00f6t\u00e4 lukia ette h\u00e4n oli \u00abvanhaa ja surulinen\u00bb. Carl Gulmel\u00e4st\u00e4 saatama lukia ette nimitetty ihminen \u00aboli ly\u00f6ny h\u00e4nen kuolihaaksi\u00bb Litzassa. Lis\u00e4ksi mainithaan Johan Abraham D\u00f8rmesen ja h\u00e4nen fiskukomppanin. Siin\u00e4 ty\u00f6teli nelje miest\u00e4, kekk\u00e4 vajothiin merheen ja kaothiin vuona 1896. El\u00e4m\u00e4 h\u00e4ytyi menn\u00e4 etheenp\u00e4in ja j\u00e4lkil\u00e4iset jokka j\u00e4\u00e4thiin j\u00e4lkhiin piethiin maksaa h\u00e4vinheitten r\u00e4stivelat. \u200b<\/span><\/p>\n<p><a href=\"https:\/\/finnmarksarkivene.no\/wp-content\/uploads\/2019\/03\/Brodtkorbarkivet.jpg\"><img loading=\"lazy\" class=\"size-large wp-image-7139\" src=\"https:\/\/finnmarksarkivene.no\/wp-content\/uploads\/2019\/03\/Brodtkorbarkivet-1024x683.jpg\" alt=\"\" width=\"900\" height=\"600\" srcset=\"https:\/\/finnmarksarkivene.no\/wp-content\/uploads\/2019\/03\/Brodtkorbarkivet-1024x683.jpg 1024w, https:\/\/finnmarksarkivene.no\/wp-content\/uploads\/2019\/03\/Brodtkorbarkivet-300x200.jpg 300w, https:\/\/finnmarksarkivene.no\/wp-content\/uploads\/2019\/03\/Brodtkorbarkivet-768x512.jpg 768w\" sizes=\"(max-width: 900px) 100vw, 900px\" \/><\/a><span style=\"font-size: 14px;\">Kaikin kekk\u00e4 haluthaan saattaa pitt\u00e4\u00e4 t\u00e4t\u00e4 arkiivimateriaalia joka oon kv\u00e4\u00e4nist\u00e4.\u00a0 Se ei ole erotus oonko se tutkimusta tahi puhasta intressi\u00e4 varten. Foto: Inger Lene Nyttingnes<\/span><\/p>\n<p><span style=\"font-weight: 400;\">Net kuusi prutukollia annethaan rikkhaan kuvan siit\u00e4 likheisest\u00e4 kontaktista Kuolan kv\u00e4\u00e4nitten ja Vuorean Brodtkorb-kaupan v\u00e4lil\u00e4. Se arvelhaan ette t\u00e4m\u00e4 kontakti oli kiini henkkaavuuesta joka kans antoi kv\u00e4\u00e4nile paremat maholisuuet p\u00e4rj\u00e4t\u00e4.\u00a0<\/span><\/p>\n<p><span style=\"font-weight: 400;\">Kuolan niemimaa oli 1800-luvun loppupuolela semmoinen ala miss\u00e4 Ryss\u00e4n esivalloitten mielest\u00e4 oli hyv\u00e4 potensiaali kehitt\u00e4\u00e4 ja saaha ekonomian kasuamhaan.<\/span><span style=\"font-weight: 400;\">T\u00e4m\u00e4 antoi kans vaphauen menn\u00e4 rajan ylitte ja se teki kaupan maholiseksi Vuorean ja Kuolan asukkhaitten v\u00e4lil\u00e4. Monet kv\u00e4\u00e4nit olthiin asunheet Vuoreassa ennen ko het asetuthiin Kuolhaan, ja moni reisas kans takasin Vuorehaan. Saatethaan kans lukia siit\u00e4 ette heil\u00e4 oli lyhyk\u00e4inen asumisaika siel\u00e4 ennen ko het matkustethiin Amerikkhaan. Ushein heil\u00e4 oli silloin joukon iso velkaposti auki Brodtkorbin konttukirjoissa.\u00a0<\/span><\/p>\n<p><span style=\"font-weight: 400;\">Kaikin kekk\u00e4 haluthaan saattaa pitt\u00e4\u00e4 t\u00e4t\u00e4 arkiivimateriaalia. Se ei ole erotus oonko se tutkimusta tahi puhasta interessi\u00e4 varten.<\/span><span style=\"font-weight: 400;\"> Sit\u00e4 oon maholista pitt\u00e4\u00e4 lukusalissa ja digitaalisesti<\/span><span style=\"font-weight: 400;\">, ja met toivoma ette moni saapi t\u00e4st\u00e4 iloa, intressi\u00e4 ja uutta tietoa.<\/span><\/p>\n<p><span style=\"font-weight: 400;\">Ota vain yhtheyen:\u00a0<\/span><\/p>\n<p><a href=\"mailto:Inger.Lene.Nyttingnes@varangermuseum.no\" target=\"_blank\" rel=\"noopener\"><span style=\"font-weight: 400;\">Inger.Lene.Nyttingnes@varangermuseum.no<\/span><\/a><\/p>\n","protected":false},"excerpt":{"rendered":"Inger Lene Nyttingnes sin artikkel om Brodtkorbarkivet er n\u00e5 oversatt til kvensk: Andreas Esbensen Brodtkorb k\u00e4vi paljon kauppaa Vuoreassa niitten kv\u00e4\u00e4nitten kans kekk\u00e4 olthiin j\u00e4\u00e4nheet asumhaan Kuolan niemimaale. H\u00e4n k\u00e4vi kauppaa niin yksitt\u00e4isten ihmisten ko kv\u00e4\u00e4nitten fiskukomppanitten kans.","protected":false},"author":1,"featured_media":7133,"comment_status":"closed","ping_status":"closed","sticky":false,"template":"","format":"standard","meta":[],"categories":[11,8],"tags":[458,457,310],"_links":{"self":[{"href":"https:\/\/finnmarksarkivene.no\/index.php?rest_route=\/wp\/v2\/posts\/7847"}],"collection":[{"href":"https:\/\/finnmarksarkivene.no\/index.php?rest_route=\/wp\/v2\/posts"}],"about":[{"href":"https:\/\/finnmarksarkivene.no\/index.php?rest_route=\/wp\/v2\/types\/post"}],"author":[{"embeddable":true,"href":"https:\/\/finnmarksarkivene.no\/index.php?rest_route=\/wp\/v2\/users\/1"}],"replies":[{"embeddable":true,"href":"https:\/\/finnmarksarkivene.no\/index.php?rest_route=%2Fwp%2Fv2%2Fcomments&post=7847"}],"version-history":[{"count":9,"href":"https:\/\/finnmarksarkivene.no\/index.php?rest_route=\/wp\/v2\/posts\/7847\/revisions"}],"predecessor-version":[{"id":8262,"href":"https:\/\/finnmarksarkivene.no\/index.php?rest_route=\/wp\/v2\/posts\/7847\/revisions\/8262"}],"wp:featuredmedia":[{"embeddable":true,"href":"https:\/\/finnmarksarkivene.no\/index.php?rest_route=\/wp\/v2\/media\/7133"}],"wp:attachment":[{"href":"https:\/\/finnmarksarkivene.no\/index.php?rest_route=%2Fwp%2Fv2%2Fmedia&parent=7847"}],"wp:term":[{"taxonomy":"category","embeddable":true,"href":"https:\/\/finnmarksarkivene.no\/index.php?rest_route=%2Fwp%2Fv2%2Fcategories&post=7847"},{"taxonomy":"post_tag","embeddable":true,"href":"https:\/\/finnmarksarkivene.no\/index.php?rest_route=%2Fwp%2Fv2%2Ftags&post=7847"}],"curies":[{"name":"wp","href":"https:\/\/api.w.org\/{rel}","templated":true}]}}