{"id":7855,"date":"2020-06-16T11:16:48","date_gmt":"2020-06-16T11:16:48","guid":{"rendered":"http:\/\/finnmarksarkivene.no\/?p=7855"},"modified":"2021-04-22T07:43:36","modified_gmt":"2021-04-22T07:43:36","slug":"verdens-flyktningdag","status":"publish","type":"post","link":"https:\/\/finnmarksarkivene.no\/?p=7855","title":{"rendered":"Verdens flyktningdag 20.6."},"content":{"rendered":"<h4>Verdens flyktningdag markeres 20.6. I den anledning \u00f8nsker vi \u00e5 l\u00f8fte frem Inger Bergmos flyktningearkiv. Arkivet finnes ved Finmarksbiblioteket i Vads\u00f8. Gjennom arkivet f\u00e5r man innblikk\u00a0 i hvordan asyls\u00f8kere og flyktninger i Alta levde sitt hverdagsliv og hvilke aktiviteter de var involvert i.<\/h4>\n<h4><!--more--><\/h4>\n<p>Bergmos flyktingearkivet som best\u00e5r av gjesteprotokoller,\u00a0 avisartikler og ca. 400 fotografier og lysbilder utgj\u00f8r en verdifull kilde til flyktningenes og asyls\u00f8kernes historie i Finnmark.<\/p>\n<p>Bergmo var ansatt ved \u00c5slia asylmottak og Altas flyktningstjeneste i tidsrommet 1992-2014. For henne var det viktig at kommunens nye borgere fikk et ansikt, og at disse ble visualisert for fremtiden. En god del av bildene ble tatt i jobbsammenheng, men mye av arkivet reddet hun fra makuleringsmaskinens n\u00e5del\u00f8se tenner. Arkivet fant veien til Finmarksbibliotekets privatarkiv i forbindelse med prosjektet \u00abVi er ogs\u00e5 her! Synliggj\u00f8ring av glemte grupper\u00bb. \u00a0I f\u00f8lgebrevet til Finnmark fylkesbibliotek skriver Inger Bergmo at hun h\u00e5per arkivet kan ha verdi \u00abn\u00e5r flyktningehistorien i Finnmark skal skrives\u00bb.<\/p>\n<p>Verdens flyktningdag er en FN dag som\u00a0 er opprettet for \u00e5 f\u00e5 oppmerksomhet om flyktningers liv verden over.\u00a0 Dagen ble f\u00f8rst markert i 2001. Datoen ble valgt for \u00e5 falle sammen med Afrikas flyktningdag.<\/p>\n<div id=\"attachment_7856\" style=\"width: 910px\" class=\"wp-caption aligncenter\"><a href=\"https:\/\/finnmarksarkivene.no\/wp-content\/uploads\/2020\/06\/Fritidssyslor-p\u00e5-nordnorsk-vis.jpg\"><img aria-describedby=\"caption-attachment-7856\" loading=\"lazy\" class=\"size-large wp-image-7856\" src=\"https:\/\/finnmarksarkivene.no\/wp-content\/uploads\/2020\/06\/Fritidssyslor-p\u00e5-nordnorsk-vis-1024x724.jpg\" alt=\"\" width=\"900\" height=\"636\" srcset=\"https:\/\/finnmarksarkivene.no\/wp-content\/uploads\/2020\/06\/Fritidssyslor-p\u00e5-nordnorsk-vis-1024x724.jpg 1024w, https:\/\/finnmarksarkivene.no\/wp-content\/uploads\/2020\/06\/Fritidssyslor-p\u00e5-nordnorsk-vis-300x212.jpg 300w, https:\/\/finnmarksarkivene.no\/wp-content\/uploads\/2020\/06\/Fritidssyslor-p\u00e5-nordnorsk-vis-768x543.jpg 768w\" sizes=\"(max-width: 900px) 100vw, 900px\" \/><\/a><p id=\"caption-attachment-7856\" class=\"wp-caption-text\">Bildet er et av de 400 fotografier i Inger Bergmos flyktingearkiv som finnes ved Finnmark fylkesbibliotek i Vads\u00f8. Dessverre er b\u00e5de fotograf, \u00e5rstall og til og med n\u00f8yaktig sted i Alta ukjent.<\/p><\/div>\n","protected":false},"excerpt":{"rendered":"Verdens flyktningdag markeres 20.6. I den anledning \u00f8nsker vi \u00e5 l\u00f8fte frem Inger Bergmos flyktningearkiv. Arkivet finnes ved Finmarksbiblioteket i Vads\u00f8. Gjennom arkivet f\u00e5r man innblikk\u00a0 i hvordan asyls\u00f8kere og flyktninger i Alta levde sitt hverdagsliv og hvilke aktiviteter de var involvert i.","protected":false},"author":1,"featured_media":7856,"comment_status":"closed","ping_status":"closed","sticky":false,"template":"","format":"standard","meta":[],"categories":[382,11],"tags":[],"_links":{"self":[{"href":"https:\/\/finnmarksarkivene.no\/index.php?rest_route=\/wp\/v2\/posts\/7855"}],"collection":[{"href":"https:\/\/finnmarksarkivene.no\/index.php?rest_route=\/wp\/v2\/posts"}],"about":[{"href":"https:\/\/finnmarksarkivene.no\/index.php?rest_route=\/wp\/v2\/types\/post"}],"author":[{"embeddable":true,"href":"https:\/\/finnmarksarkivene.no\/index.php?rest_route=\/wp\/v2\/users\/1"}],"replies":[{"embeddable":true,"href":"https:\/\/finnmarksarkivene.no\/index.php?rest_route=%2Fwp%2Fv2%2Fcomments&post=7855"}],"version-history":[{"count":8,"href":"https:\/\/finnmarksarkivene.no\/index.php?rest_route=\/wp\/v2\/posts\/7855\/revisions"}],"predecessor-version":[{"id":8260,"href":"https:\/\/finnmarksarkivene.no\/index.php?rest_route=\/wp\/v2\/posts\/7855\/revisions\/8260"}],"wp:featuredmedia":[{"embeddable":true,"href":"https:\/\/finnmarksarkivene.no\/index.php?rest_route=\/wp\/v2\/media\/7856"}],"wp:attachment":[{"href":"https:\/\/finnmarksarkivene.no\/index.php?rest_route=%2Fwp%2Fv2%2Fmedia&parent=7855"}],"wp:term":[{"taxonomy":"category","embeddable":true,"href":"https:\/\/finnmarksarkivene.no\/index.php?rest_route=%2Fwp%2Fv2%2Fcategories&post=7855"},{"taxonomy":"post_tag","embeddable":true,"href":"https:\/\/finnmarksarkivene.no\/index.php?rest_route=%2Fwp%2Fv2%2Ftags&post=7855"}],"curies":[{"name":"wp","href":"https:\/\/api.w.org\/{rel}","templated":true}]}}