{"id":7867,"date":"2020-06-23T12:15:55","date_gmt":"2020-06-23T12:15:55","guid":{"rendered":"http:\/\/finnmarksarkivene.no\/?p=7867"},"modified":"2020-06-23T12:30:19","modified_gmt":"2020-06-23T12:30:19","slug":"elisabeth-mayer-fotoutstilling-elisabeth-mayer-govvacajahus","status":"publish","type":"post","link":"https:\/\/finnmarksarkivene.no\/?p=7867","title":{"rendered":"Elisabeth Mayer fotoutstilling \/ Elisabeth Mayer govva\u010d\u00e1jahus"},"content":{"rendered":"<p>Utstillings\u00e5pning: Elisabeth Mayer &#8211; fotoutstilling &#8220;Det er bedre \u00e5 v\u00e6re p\u00e5 reise enn v\u00e6re \u00e5 ro&#8221;. Elisabeth Mayer govva\u010d\u00e1jahus &#8220;Jo\u0111i buoret go oru&#8221;.<\/p>\n<p><!--more--><\/p>\n<p style=\"text-align: center;\"><a href=\"https:\/\/finnmarksarkivene.no\/wp-content\/uploads\/2020\/06\/Skjermbilde.png\"><img loading=\"lazy\" class=\"aligncenter size-medium wp-image-7868\" src=\"https:\/\/finnmarksarkivene.no\/wp-content\/uploads\/2020\/06\/Skjermbilde-300x133.png\" alt=\"\" width=\"300\" height=\"133\" srcset=\"https:\/\/finnmarksarkivene.no\/wp-content\/uploads\/2020\/06\/Skjermbilde-300x133.png 300w, https:\/\/finnmarksarkivene.no\/wp-content\/uploads\/2020\/06\/Skjermbilde-768x340.png 768w, https:\/\/finnmarksarkivene.no\/wp-content\/uploads\/2020\/06\/Skjermbilde-1024x453.png 1024w, https:\/\/finnmarksarkivene.no\/wp-content\/uploads\/2020\/06\/Skjermbilde.png 1146w\" sizes=\"(max-width: 300px) 100vw, 300px\" \/><\/a><\/p>\n<p style=\"text-align: center;\"><strong>Utstillings\u00e5pning 4. juli 2020 kl. 18:00 <\/strong><br \/>\n<strong>p\u00e5 Samisk senter for samtidskunst i Karasjok. <\/strong><\/p>\n<p style=\"text-align: center;\">\u00c5pningstale ved fylkesr\u00e5d Anne Toril Balto<br \/>\nJoik ved R\u00e1vnn\u00e1-Jovn\u2019 R\u00e1vdn\u00e1, Ravna A. Guttorm<br \/>\nog Biret Ristin Sara<\/p>\n<p style=\"text-align: center;\">\u00c5pningstider: Tirsdag til fredag kl. 10 &#8211; 16<br \/>\nL\u00f8rdag og s\u00f8ndag kl. 11 &#8211; 16. Mandag stengt<\/p>\n<p style=\"text-align: center;\">Utstillingen er et samarbeid mellom<br \/>\nFinnmark fylkesbibliotek<br \/>\nSamisk senter for samtidskunst<br \/>\nK\u00e1rena\u0161 Samisk Spr\u00e5k- og kultursenter og<br \/>\nSVD Musea- ja historj\u00e1searvi\/<br \/>\nDSS Museums- og historielag i Karasjok<\/p>\n<p style=\"text-align: center;\">Velkommen!<\/p>\n<p><a href=\"https:\/\/finnmarksarkivene.no\/wp-content\/uploads\/2020\/06\/Invitasjon-utstilling-i-Karasjok-4-juli-2020.pdf\" target=\"_blank\" rel=\"noopener\">Invitasjon utstilling i Karasjok 4 juli 2020<\/a><\/p>\n<p>S\u00e1megiella:<\/p>\n<p><a href=\"https:\/\/finnmarksarkivene.no\/wp-content\/uploads\/2020\/06\/Skjermbilde.png\"><img loading=\"lazy\" class=\"aligncenter size-medium wp-image-7868\" src=\"https:\/\/finnmarksarkivene.no\/wp-content\/uploads\/2020\/06\/Skjermbilde-300x133.png\" alt=\"\" width=\"300\" height=\"133\" srcset=\"https:\/\/finnmarksarkivene.no\/wp-content\/uploads\/2020\/06\/Skjermbilde-300x133.png 300w, https:\/\/finnmarksarkivene.no\/wp-content\/uploads\/2020\/06\/Skjermbilde-768x340.png 768w, https:\/\/finnmarksarkivene.no\/wp-content\/uploads\/2020\/06\/Skjermbilde-1024x453.png 1024w, https:\/\/finnmarksarkivene.no\/wp-content\/uploads\/2020\/06\/Skjermbilde.png 1146w\" sizes=\"(max-width: 300px) 100vw, 300px\" \/><\/a><\/p>\n<p style=\"text-align: center;\"><strong>\u010c\u00e1j\u00e1husrahpan suoidnem\u00e1nu 4. b. 2020 tii. 18:00<\/strong><br \/>\n<strong>S\u00e1mi D\u00e1iddaguovdd\u00e1\u0161, K\u00e1r\u00e1\u0161johka<\/strong><\/p>\n<p style=\"text-align: center;\">Rahpans\u00e1rdni: Fylkkar\u00e1\u0111\u0111i Anne Toril Balto<br \/>\nJuoigit: R\u00e1vnn\u00e1-Jovn\u2019 R\u00e1vdn\u00e1, Ravna A. Guttorm<br \/>\nja Biret Ristin Sara<\/p>\n<p style=\"text-align: center;\">Rabas: Ma\u014b\u014beb\u00e1rggas bearjadahkii ti. 10-16<br \/>\nL\u00e1vvardaga ja sotnabeaivve ti. 11-16<\/p>\n<p style=\"text-align: center;\">Vuoss\u00e1rggaid gitta\u010c\u00e1j\u00e1hus lea ovttasbargu gaskal<br \/>\nFinnm\u00e1rkku fylkkagirjer\u00e1djosa,<br \/>\nS\u00e1mi D\u00e1iddaguovdd\u00e1\u017ea,<br \/>\nK\u00e1rena\u0161 S\u00e1mi Giella- ja kulturguovdd\u00e1\u017ea ja<br \/>\nSVD Musea- ja historj\u00e1searvvi K\u00e1r\u00e1\u0161jogas<\/p>\n<p style=\"text-align: center;\">Bures boahtin!<\/p>\n<p>&nbsp;<\/p>\n<p>&nbsp;<\/p>\n","protected":false},"excerpt":{"rendered":"Utstillings\u00e5pning: Elisabeth Mayer &#8211; fotoutstilling &#8220;Det er bedre \u00e5 v\u00e6re p\u00e5 reise enn v\u00e6re \u00e5 ro&#8221;. Elisabeth Mayer govva\u010d\u00e1jahus &#8220;Jo\u0111i buoret go oru&#8221;.","protected":false},"author":1,"featured_media":7868,"comment_status":"closed","ping_status":"closed","sticky":false,"template":"","format":"standard","meta":[],"categories":[11],"tags":[],"_links":{"self":[{"href":"https:\/\/finnmarksarkivene.no\/index.php?rest_route=\/wp\/v2\/posts\/7867"}],"collection":[{"href":"https:\/\/finnmarksarkivene.no\/index.php?rest_route=\/wp\/v2\/posts"}],"about":[{"href":"https:\/\/finnmarksarkivene.no\/index.php?rest_route=\/wp\/v2\/types\/post"}],"author":[{"embeddable":true,"href":"https:\/\/finnmarksarkivene.no\/index.php?rest_route=\/wp\/v2\/users\/1"}],"replies":[{"embeddable":true,"href":"https:\/\/finnmarksarkivene.no\/index.php?rest_route=%2Fwp%2Fv2%2Fcomments&post=7867"}],"version-history":[{"count":10,"href":"https:\/\/finnmarksarkivene.no\/index.php?rest_route=\/wp\/v2\/posts\/7867\/revisions"}],"predecessor-version":[{"id":7880,"href":"https:\/\/finnmarksarkivene.no\/index.php?rest_route=\/wp\/v2\/posts\/7867\/revisions\/7880"}],"wp:featuredmedia":[{"embeddable":true,"href":"https:\/\/finnmarksarkivene.no\/index.php?rest_route=\/wp\/v2\/media\/7868"}],"wp:attachment":[{"href":"https:\/\/finnmarksarkivene.no\/index.php?rest_route=%2Fwp%2Fv2%2Fmedia&parent=7867"}],"wp:term":[{"taxonomy":"category","embeddable":true,"href":"https:\/\/finnmarksarkivene.no\/index.php?rest_route=%2Fwp%2Fv2%2Fcategories&post=7867"},{"taxonomy":"post_tag","embeddable":true,"href":"https:\/\/finnmarksarkivene.no\/index.php?rest_route=%2Fwp%2Fv2%2Ftags&post=7867"}],"curies":[{"name":"wp","href":"https:\/\/api.w.org\/{rel}","templated":true}]}}