{"id":79,"date":"2014-03-16T12:58:07","date_gmt":"2014-03-16T12:58:07","guid":{"rendered":"http:\/\/finnmarksarkivene.no\/?p=79"},"modified":"2022-02-01T13:59:16","modified_gmt":"2022-02-01T13:59:16","slug":"fellesprosjekter","status":"publish","type":"post","link":"https:\/\/finnmarksarkivene.no\/?p=79","title":{"rendered":"Fellesprosjekter"},"content":{"rendered":"<p>Nettverket bidrar til fellesprosjekter hvor arkivene i \/fra regionen gis verdi og vekt ved \u00e5 inng\u00e5 i verdiskapningen i Finnmark. Gjennomf\u00f8ring av formidlingsprosjekter hvor det legges vekt p\u00e5 arkivkildene som f\u00e5r frem det flerkulturelle og samfunnsmessige s\u00e6rpreget fra regionen er prioritert.<!--more--><\/p>\n<div id=\"attachment_4430\" style=\"width: 859px\" class=\"wp-caption aligncenter\"><a href=\"https:\/\/finnmarksarkivene.no\/wp-content\/uploads\/2014\/03\/17.-mai-feiring-i-Alta.jpg\"><img aria-describedby=\"caption-attachment-4430\" loading=\"lazy\" class=\"wp-image-4430 size-full\" src=\"https:\/\/finnmarksarkivene.no\/wp-content\/uploads\/2014\/03\/17.-mai-feiring-i-Alta.jpg\" alt=\"17. mai feiring i Alta. Bildet er fra Inger Bergmos flyktningearkivet  ved Finnmark fylkesbibliotek\" width=\"849\" height=\"792\" srcset=\"https:\/\/finnmarksarkivene.no\/wp-content\/uploads\/2014\/03\/17.-mai-feiring-i-Alta.jpg 849w, https:\/\/finnmarksarkivene.no\/wp-content\/uploads\/2014\/03\/17.-mai-feiring-i-Alta-300x279.jpg 300w\" sizes=\"(max-width: 849px) 100vw, 849px\" \/><\/a><p id=\"caption-attachment-4430\" class=\"wp-caption-text\">17. mai feiring i Alta. Bildet er fra Inger Bergmos flyktningearkivet ved Finnmark fylkesbibliotek<\/p><\/div>\n<p><a title=\"Utkast til handlingsplan for Finnmarksarkivene\" href=\"https:\/\/finnmarksarkivene.no\/?p=61\">Les mer om fellesprosjekter her <\/a><\/p>\n<p><a href=\"https:\/\/finnmarksarkivene.no\/?cat=382\" target=\"_blank\" rel=\"noopener\">Fellesprosjekter<\/a><\/p>\n","protected":false},"excerpt":{"rendered":"Nettverket bidrar til fellesprosjekter hvor arkivene i \/fra regionen gis verdi og vekt ved \u00e5 inng\u00e5 i verdiskapningen i Finnmark. Gjennomf\u00f8ring av formidlingsprosjekter hvor det legges vekt p\u00e5 arkivkildene som f\u00e5r frem det flerkulturelle og samfunnsmessige s\u00e6rpreget fra regionen er prioritert.","protected":false},"author":2,"featured_media":4430,"comment_status":"open","ping_status":"open","sticky":false,"template":"","format":"standard","meta":[],"categories":[18,381],"tags":[],"_links":{"self":[{"href":"https:\/\/finnmarksarkivene.no\/index.php?rest_route=\/wp\/v2\/posts\/79"}],"collection":[{"href":"https:\/\/finnmarksarkivene.no\/index.php?rest_route=\/wp\/v2\/posts"}],"about":[{"href":"https:\/\/finnmarksarkivene.no\/index.php?rest_route=\/wp\/v2\/types\/post"}],"author":[{"embeddable":true,"href":"https:\/\/finnmarksarkivene.no\/index.php?rest_route=\/wp\/v2\/users\/2"}],"replies":[{"embeddable":true,"href":"https:\/\/finnmarksarkivene.no\/index.php?rest_route=%2Fwp%2Fv2%2Fcomments&post=79"}],"version-history":[{"count":10,"href":"https:\/\/finnmarksarkivene.no\/index.php?rest_route=\/wp\/v2\/posts\/79\/revisions"}],"predecessor-version":[{"id":8733,"href":"https:\/\/finnmarksarkivene.no\/index.php?rest_route=\/wp\/v2\/posts\/79\/revisions\/8733"}],"wp:featuredmedia":[{"embeddable":true,"href":"https:\/\/finnmarksarkivene.no\/index.php?rest_route=\/wp\/v2\/media\/4430"}],"wp:attachment":[{"href":"https:\/\/finnmarksarkivene.no\/index.php?rest_route=%2Fwp%2Fv2%2Fmedia&parent=79"}],"wp:term":[{"taxonomy":"category","embeddable":true,"href":"https:\/\/finnmarksarkivene.no\/index.php?rest_route=%2Fwp%2Fv2%2Fcategories&post=79"},{"taxonomy":"post_tag","embeddable":true,"href":"https:\/\/finnmarksarkivene.no\/index.php?rest_route=%2Fwp%2Fv2%2Ftags&post=79"}],"curies":[{"name":"wp","href":"https:\/\/api.w.org\/{rel}","templated":true}]}}