{"id":8031,"date":"2020-12-09T08:52:30","date_gmt":"2020-12-09T08:52:30","guid":{"rendered":"http:\/\/finnmarksarkivene.no\/?p=8031"},"modified":"2021-04-22T07:30:36","modified_gmt":"2021-04-22T07:30:36","slug":"arkivdagen-ti-ar-sammen-med-finnmark-fylkesbibliotek","status":"publish","type":"post","link":"https:\/\/finnmarksarkivene.no\/?p=8031","title":{"rendered":"Arkivdagen ti \u00e5r &#8211; sammen med Finnmark fylkesbibliotek"},"content":{"rendered":"<div class=\"kvgmc6g5 cxmmr5t8 oygrvhab hcukyx3x c1et5uql ii04i59q\">\n<h4 dir=\"auto\">Hver november gjennom ti \u00e5r har arkivintresserte funnet veien til Fylkesbiblioteket i Vads\u00f8 for \u00e5 delta p\u00e5 den nordiske Arkivdagen.<\/h4>\n<div dir=\"auto\"><\/div>\n<div dir=\"auto\">Siden 2010 har det blitt holdt foredrag, hatt samtaler og vist utstillinger om arkiver ved Fylkesbiblioteket. Alt dette \u00e5 for \u00e5 vekke interesse for Fylkesbibliotekets foto og privatarkiv som samfunnets minne.<\/div>\n<div dir=\"auto\">I \u00e5r satt korona en stopp for den fysiske markeringen. Derfor har Fylkesbiblioteket valgt \u00e5 publisere sine tidligere utstillinger p\u00e5 Digitalt Museum.<\/div>\n<div dir=\"auto\"><\/div>\n<\/div>\n<p><!--more--><\/p>\n<div class=\"o9v6fnle cxmmr5t8 oygrvhab hcukyx3x c1et5uql ii04i59q\">\n<div dir=\"auto\"><a href=\"https:\/\/digitaltmuseum.no\/owners\/FBIB?fbclid=IwAR0L_mRNcD3xeFw2bHQipE4rb_8vnNA28qVqubaXJwlHsZDpml02ERbd9YU\" target=\"_blank\" rel=\"noopener\">Utstillingene finner du i Fylkesbibliotekets bildeportal i Digitalt Museum ved \u00abArkivdagen\u00bb:<\/a><\/div>\n<\/div>\n<p><img loading=\"lazy\" class=\"shrinkToFit\" src=\"https:\/\/www.arkivforbundet.no\/wp-content\/uploads\/2019\/12\/Arkivdagen-2020.png\" alt=\"https:\/\/www.arkivforbundet.no\/wp-content\/uploads\/2019\/12\/Arkivdagen-2020.png\" width=\"717\" height=\"654\" \/><\/p>\n","protected":false},"excerpt":{"rendered":"Hver november gjennom ti \u00e5r har arkivintresserte funnet veien til Fylkesbiblioteket i Vads\u00f8 for \u00e5 delta p\u00e5 den nordiske Arkivdagen. Siden 2010 har det blitt holdt foredrag, hatt samtaler og vist utstillinger om arkiver ved Fylkesbiblioteket. Alt dette \u00e5 for \u00e5 vekke interesse for Fylkesbibliotekets foto og privatarkiv som samfunnets minne. I \u00e5r satt korona [&hellip;]","protected":false},"author":1,"featured_media":8033,"comment_status":"closed","ping_status":"closed","sticky":false,"template":"","format":"standard","meta":[],"categories":[11],"tags":[],"_links":{"self":[{"href":"https:\/\/finnmarksarkivene.no\/index.php?rest_route=\/wp\/v2\/posts\/8031"}],"collection":[{"href":"https:\/\/finnmarksarkivene.no\/index.php?rest_route=\/wp\/v2\/posts"}],"about":[{"href":"https:\/\/finnmarksarkivene.no\/index.php?rest_route=\/wp\/v2\/types\/post"}],"author":[{"embeddable":true,"href":"https:\/\/finnmarksarkivene.no\/index.php?rest_route=\/wp\/v2\/users\/1"}],"replies":[{"embeddable":true,"href":"https:\/\/finnmarksarkivene.no\/index.php?rest_route=%2Fwp%2Fv2%2Fcomments&post=8031"}],"version-history":[{"count":3,"href":"https:\/\/finnmarksarkivene.no\/index.php?rest_route=\/wp\/v2\/posts\/8031\/revisions"}],"predecessor-version":[{"id":8251,"href":"https:\/\/finnmarksarkivene.no\/index.php?rest_route=\/wp\/v2\/posts\/8031\/revisions\/8251"}],"wp:featuredmedia":[{"embeddable":true,"href":"https:\/\/finnmarksarkivene.no\/index.php?rest_route=\/wp\/v2\/media\/8033"}],"wp:attachment":[{"href":"https:\/\/finnmarksarkivene.no\/index.php?rest_route=%2Fwp%2Fv2%2Fmedia&parent=8031"}],"wp:term":[{"taxonomy":"category","embeddable":true,"href":"https:\/\/finnmarksarkivene.no\/index.php?rest_route=%2Fwp%2Fv2%2Fcategories&post=8031"},{"taxonomy":"post_tag","embeddable":true,"href":"https:\/\/finnmarksarkivene.no\/index.php?rest_route=%2Fwp%2Fv2%2Ftags&post=8031"}],"curies":[{"name":"wp","href":"https:\/\/api.w.org\/{rel}","templated":true}]}}