{"id":8051,"date":"2020-12-21T17:22:21","date_gmt":"2020-12-21T17:22:21","guid":{"rendered":"http:\/\/finnmarksarkivene.no\/?p=8051"},"modified":"2021-04-22T07:17:51","modified_gmt":"2021-04-22T07:17:51","slug":"julegave-fra-samisk-arkiv-til-befolkning-skeanka-sami-albmogiid","status":"publish","type":"post","link":"https:\/\/finnmarksarkivene.no\/?p=8051","title":{"rendered":"Skea\u014bka s\u00e1mi \u00e1lbmogiid \/ Julegave fra Samisk arkiv til befolkning"},"content":{"rendered":"<h4><strong>Arkiivadoaimmahat f\u00e1ll\u00e1 nuvtt\u00e1 digitaliseret buot arkiivvaid, mat vurkkoduvvojit s\u00e1mi museain ja kultur\u00e1sahusain. D\u00e1t lea skea\u014bkan s\u00e1mi \u00e1lbmogii dan oktavuo\u0111as go S\u00e1mi arkiivvas lea 25-jagi \u00e1vvudeapmi.<\/strong><\/h4>\n<p><!--more--><a href=\"https:\/\/www.arkivverket.no\/om-oss\/sami-arkiiva\/sami-kulturarbbi-digitaliseren\" target=\"_blank\" rel=\"noopener\"><strong>D\u00e1s g\u00e1vnnat eanet die\u0111uid<\/strong><\/a><\/p>\n<p>Samisk arkiv fyller 25 \u00e5r i 2020. Det vil Arkivverket og Samisk arkiv markere med \u00e5 innf\u00f8re gratis digitalisering av samisk kulturarv.<\/p>\n<p><a href=\"https:\/\/kommunikasjon.ntb.no\/pressemelding\/arkivverket-innforer-gratis-digitalisering-av-samisk-kulturarv?publisherId=17847262&amp;releaseId=17898022\" target=\"_blank\" rel=\"noopener\">Arkivverkets pressemelding<\/a><\/p>\n","protected":false},"excerpt":{"rendered":"Arkiivadoaimmahat f\u00e1ll\u00e1 nuvtt\u00e1 digitaliseret buot arkiivvaid, mat vurkkoduvvojit s\u00e1mi museain ja kultur\u00e1sahusain. D\u00e1t lea skea\u014bkan s\u00e1mi \u00e1lbmogii dan oktavuo\u0111as go S\u00e1mi arkiivvas lea 25-jagi \u00e1vvudeapmi.","protected":false},"author":1,"featured_media":6949,"comment_status":"closed","ping_status":"closed","sticky":false,"template":"","format":"standard","meta":[],"categories":[11,4],"tags":[],"_links":{"self":[{"href":"https:\/\/finnmarksarkivene.no\/index.php?rest_route=\/wp\/v2\/posts\/8051"}],"collection":[{"href":"https:\/\/finnmarksarkivene.no\/index.php?rest_route=\/wp\/v2\/posts"}],"about":[{"href":"https:\/\/finnmarksarkivene.no\/index.php?rest_route=\/wp\/v2\/types\/post"}],"author":[{"embeddable":true,"href":"https:\/\/finnmarksarkivene.no\/index.php?rest_route=\/wp\/v2\/users\/1"}],"replies":[{"embeddable":true,"href":"https:\/\/finnmarksarkivene.no\/index.php?rest_route=%2Fwp%2Fv2%2Fcomments&post=8051"}],"version-history":[{"count":8,"href":"https:\/\/finnmarksarkivene.no\/index.php?rest_route=\/wp\/v2\/posts\/8051\/revisions"}],"predecessor-version":[{"id":8242,"href":"https:\/\/finnmarksarkivene.no\/index.php?rest_route=\/wp\/v2\/posts\/8051\/revisions\/8242"}],"wp:featuredmedia":[{"embeddable":true,"href":"https:\/\/finnmarksarkivene.no\/index.php?rest_route=\/wp\/v2\/media\/6949"}],"wp:attachment":[{"href":"https:\/\/finnmarksarkivene.no\/index.php?rest_route=%2Fwp%2Fv2%2Fmedia&parent=8051"}],"wp:term":[{"taxonomy":"category","embeddable":true,"href":"https:\/\/finnmarksarkivene.no\/index.php?rest_route=%2Fwp%2Fv2%2Fcategories&post=8051"},{"taxonomy":"post_tag","embeddable":true,"href":"https:\/\/finnmarksarkivene.no\/index.php?rest_route=%2Fwp%2Fv2%2Ftags&post=8051"}],"curies":[{"name":"wp","href":"https:\/\/api.w.org\/{rel}","templated":true}]}}