{"id":812,"date":"2014-03-27T16:36:26","date_gmt":"2014-03-27T16:36:26","guid":{"rendered":"http:\/\/finnmarksarkivene.no\/?p=812"},"modified":"2017-02-10T10:55:55","modified_gmt":"2017-02-10T10:55:55","slug":"stopp-dodsskyene-fra-russland","status":"publish","type":"post","link":"https:\/\/finnmarksarkivene.no\/?p=812","title":{"rendered":"Stopp d\u00f8dsskyene fra Russland"},"content":{"rendered":"<p>&#8220;Sommeren 1990 rykket K\u00e5re Tannvik, initiativtakeren til aksjonen &#8220;Stopp d\u00f8dsskyene fra Sovjet&#8221;, inn en annonse i S\u00f8r-Varanger Avis med f\u00f8lgende ordlyd: &#8220;Aksjonister s\u00f8kes. Er det flere som er lei av d\u00f8dsskyene fra Nikel? Tror kun p\u00e5 direkteaksjoner! Blir du med?&#8221; Og folk ble med, og et av h\u00f8ydepunktene ble en regnv\u00e5t men sv\u00e6rt oppsiktsvekkende aksjon p\u00e5 Treriksr\u00f8ya i Pasvikdalen den 17. juni samme \u00e5r. Ved midnatt lenket flere aksjonister seg sammen og gikk i ring rundt r\u00f8ysa&#8221;.<\/p>\n<p><!--more--><\/p>\n<table border=\"1\" cellspacing=\"0\" cellpadding=\"0\">\n<tbody>\n<tr>\n<td valign=\"top\" width=\"196\">Arkivnavn<\/td>\n<td valign=\"top\" width=\"416\">Stopp d\u00f8dsskyene fra Russland<\/td>\n<\/tr>\n<tr>\n<td valign=\"top\" width=\"196\">Arkivskaper<\/td>\n<td valign=\"top\" width=\"416\">Stopp d\u00f8dsskyene fra Russland<\/td>\n<\/tr>\n<tr>\n<td valign=\"top\" width=\"196\">Arkivref. (id)<\/td>\n<td valign=\"top\" width=\"416\">A4\/1995<\/td>\n<\/tr>\n<tr>\n<td valign=\"top\" width=\"196\">Reg. base<\/td>\n<td valign=\"top\" width=\"416\">&#8211;<\/td>\n<\/tr>\n<tr>\n<td valign=\"top\" width=\"196\">Publ. base (evt. link til katalogen)<\/td>\n<td valign=\"top\" width=\"416\">&#8211;<\/td>\n<\/tr>\n<tr>\n<td valign=\"top\" width=\"196\">Type materiale, evt. ogs\u00e5 innholdstype<\/td>\n<td valign=\"top\" width=\"416\">Notater, referater, fotografier fra milj\u00f8uke<\/td>\n<\/tr>\n<tr>\n<td valign=\"top\" width=\"196\">Tidsperiode<\/td>\n<td valign=\"top\" width=\"416\">1990 &#8211; 1992<\/td>\n<\/tr>\n<tr>\n<td valign=\"top\" width=\"196\">Type virksomhet<\/td>\n<td valign=\"top\" width=\"416\">Folkebevegelser \/ aksjoner<\/td>\n<\/tr>\n<tr>\n<td valign=\"top\" width=\"196\">Sted \/ omr\u00e5de<\/td>\n<td valign=\"top\" width=\"416\">S\u00f8r-Varanger<\/td>\n<\/tr>\n<tr>\n<td valign=\"top\" width=\"196\">Spr\u00e5k<\/td>\n<td valign=\"top\" width=\"416\">Norsk<\/td>\n<\/tr>\n<tr>\n<td valign=\"top\" width=\"196\">Ordningsgrad<\/td>\n<td valign=\"top\" width=\"416\">Ikke ordnet, tilvekst fra 2016: delvis ordnet (1 hm)<\/td>\n<\/tr>\n<tr>\n<td valign=\"top\" width=\"196\">Omfang<\/td>\n<td valign=\"top\" width=\"416\">0,4 hyllemeter<\/td>\n<\/tr>\n<tr>\n<td valign=\"top\" width=\"196\">Arkivliste<\/td>\n<td valign=\"top\" width=\"416\">Nei<\/td>\n<\/tr>\n<tr>\n<td valign=\"top\" width=\"196\">Digitalisering (evt. link til dig. filer)<\/td>\n<td valign=\"top\" width=\"416\">Nei<\/td>\n<\/tr>\n<tr>\n<td valign=\"top\" width=\"196\">Oppbevarings- \u00a0 \/deponeringssted<\/td>\n<td valign=\"top\" width=\"416\"><a href=\"http:\/\/www.varangermuseum.no\/om-varanger-museum\/avdelinger\/sor-varanger-museum\/\" target=\"_blank\">Varanger museum IKS, avd. S\u00f8r &#8211; Varanger<\/a><\/td>\n<\/tr>\n<tr>\n<td valign=\"top\" width=\"196\">Kontaktopplysninger<\/td>\n<td valign=\"top\" width=\"416\"><a href=\"http:\/\/www.varangermuseum.no\/om-varanger-museum\/avdelinger\/sor-varanger-museum\/\" target=\"_blank\">S\u00f8r &#8211; Varanger museum<\/a><\/td>\n<\/tr>\n<tr>\n<td valign=\"top\" width=\"196\">Spesielle bemerkninger<br \/>\n(fysisk tilstand, klausul osv.)<\/td>\n<td valign=\"top\" width=\"416\">\u00a0&#8211;<\/td>\n<\/tr>\n<\/tbody>\n<\/table>\n<p>&nbsp;<\/p>\n","protected":false},"excerpt":{"rendered":"&#8220;Sommeren 1990 rykket K\u00e5re Tannvik, initiativtakeren til aksjonen &#8220;Stopp d\u00f8dsskyene fra Sovjet&#8221;, inn en annonse i S\u00f8r-Varanger Avis med f\u00f8lgende ordlyd: &#8220;Aksjonister s\u00f8kes. Er det flere som er lei av d\u00f8dsskyene fra Nikel? Tror kun p\u00e5 direkteaksjoner! Blir du med?&#8221; Og folk ble med, og et av h\u00f8ydepunktene ble en regnv\u00e5t men sv\u00e6rt oppsiktsvekkende aksjon [&hellip;]","protected":false},"author":1,"featured_media":0,"comment_status":"closed","ping_status":"closed","sticky":false,"template":"","format":"standard","meta":[],"categories":[135],"tags":[179,390,391,248,70],"_links":{"self":[{"href":"https:\/\/finnmarksarkivene.no\/index.php?rest_route=\/wp\/v2\/posts\/812"}],"collection":[{"href":"https:\/\/finnmarksarkivene.no\/index.php?rest_route=\/wp\/v2\/posts"}],"about":[{"href":"https:\/\/finnmarksarkivene.no\/index.php?rest_route=\/wp\/v2\/types\/post"}],"author":[{"embeddable":true,"href":"https:\/\/finnmarksarkivene.no\/index.php?rest_route=\/wp\/v2\/users\/1"}],"replies":[{"embeddable":true,"href":"https:\/\/finnmarksarkivene.no\/index.php?rest_route=%2Fwp%2Fv2%2Fcomments&post=812"}],"version-history":[{"count":8,"href":"https:\/\/finnmarksarkivene.no\/index.php?rest_route=\/wp\/v2\/posts\/812\/revisions"}],"predecessor-version":[{"id":4797,"href":"https:\/\/finnmarksarkivene.no\/index.php?rest_route=\/wp\/v2\/posts\/812\/revisions\/4797"}],"wp:attachment":[{"href":"https:\/\/finnmarksarkivene.no\/index.php?rest_route=%2Fwp%2Fv2%2Fmedia&parent=812"}],"wp:term":[{"taxonomy":"category","embeddable":true,"href":"https:\/\/finnmarksarkivene.no\/index.php?rest_route=%2Fwp%2Fv2%2Fcategories&post=812"},{"taxonomy":"post_tag","embeddable":true,"href":"https:\/\/finnmarksarkivene.no\/index.php?rest_route=%2Fwp%2Fv2%2Ftags&post=812"}],"curies":[{"name":"wp","href":"https:\/\/api.w.org\/{rel}","templated":true}]}}