{"id":814,"date":"2014-03-27T16:37:37","date_gmt":"2014-03-27T16:37:37","guid":{"rendered":"http:\/\/finnmarksarkivene.no\/?p=814"},"modified":"2021-08-26T08:46:42","modified_gmt":"2021-08-26T08:46:42","slug":"folkebevegelsen-mot-norsk-medlemskap-i-fellesmarkedet-vadso-utvalget","status":"publish","type":"post","link":"https:\/\/finnmarksarkivene.no\/?p=814","title":{"rendered":"Folkebevegelsen mot norsk medlemskap i Fellesmarkedet, Vads\u00f8-utvalget"},"content":{"rendered":"<p>Denne folkebevegelsen var en landsomfattende organisasjon mot norsk EF-medlemskap, aktiv f\u00f8r folkeavstemningen i 1972. I dagligtale ble navnet Folkebevegelsen mot EEC eller Folkebevegelsen benyttet.<br \/>\nVads\u00f8-utvalget ble stiftet p\u00e5 et \u00e5pent m\u00f8te i mars 1971. M\u00f8tet samlet omkring 100 deltakere. Folkebevegelsen i Vads\u00f8 hadde en tverrpolitisk karakter i likhet med bevegelsen i landet for\u00f8vrig, men med sterkest oppslutning fra partiene p\u00e5 venstre fl\u00f8y.<!--more--><\/p>\n<table border=\"1\" cellspacing=\"0\" cellpadding=\"0\">\n<tbody>\n<tr>\n<td valign=\"top\" width=\"196\">Arkivnavn<\/td>\n<td valign=\"top\" width=\"416\">Folkebevegelsen mot norsk medlemskap i\u00a0 Fellesmarkedet, Vads\u00f8-utvalget<\/td>\n<\/tr>\n<tr>\n<td valign=\"top\" width=\"196\">Arkivskaper<\/td>\n<td valign=\"top\" width=\"416\">Folkebevegelsen mot norsk medlemskap i\u00a0 Fellesmarkedet, Vads\u00f8-utvalget<\/td>\n<\/tr>\n<tr>\n<td valign=\"top\" width=\"196\">Arkivref. (id)<\/td>\n<td valign=\"top\" width=\"416\">FMFB\/ PA-1078<\/td>\n<\/tr>\n<tr>\n<td valign=\"top\" width=\"196\">Reg. base<\/td>\n<td valign=\"top\" width=\"416\">ASTA<\/td>\n<\/tr>\n<tr>\n<td valign=\"top\" width=\"196\">Publ. base (evt. link til katalogen)<\/td>\n<td valign=\"top\" width=\"416\"><a href=\"http:\/\/www.arkivportalen.no\/side\/arkiv\/detaljer?arkivId=no-FMFB_arkiv_000000002004%20%20\" target=\"_blank\" rel=\"noopener\">Arkivportalen<\/a><\/td>\n<\/tr>\n<tr>\n<td valign=\"top\" width=\"196\">Type materiale, evt. ogs\u00e5 innholdstype<\/td>\n<td valign=\"top\" width=\"416\">Korrespondanse og sakdokumenter<\/td>\n<\/tr>\n<tr>\n<td valign=\"top\" width=\"196\">Tidsperiode<\/td>\n<td valign=\"top\" width=\"416\">1971 &#8211; 1973<\/td>\n<\/tr>\n<tr>\n<td valign=\"top\" width=\"196\">Type virksomhet<\/td>\n<td valign=\"top\" width=\"416\">Folkeaksjoner<\/td>\n<\/tr>\n<tr>\n<td valign=\"top\" width=\"196\">Sted \/ omr\u00e5de<\/td>\n<td valign=\"top\" width=\"416\">Vads\u00f8<\/td>\n<\/tr>\n<tr>\n<td valign=\"top\" width=\"196\">Spr\u00e5k<\/td>\n<td valign=\"top\" width=\"416\">Norsk<\/td>\n<\/tr>\n<tr>\n<td valign=\"top\" width=\"196\">Ordningsgrad<\/td>\n<td valign=\"top\" width=\"416\">Ferdig ordnet og katalogisert\u00a0<a href=\"http:\/\/www.fm.fylkesbibl.no\/web\/index.php\/privatarkiv\/privatarkiver-finnmark-fylkesbibliotek\" target=\"_blank\" rel=\"noopener\">Arkivkatalog i hjemmeside<\/a><\/td>\n<\/tr>\n<tr>\n<td valign=\"top\" width=\"196\">Omfang<\/td>\n<td valign=\"top\" width=\"416\">0,1 hm<\/td>\n<\/tr>\n<tr>\n<td valign=\"top\" width=\"196\">Arkivliste<\/td>\n<td valign=\"top\" width=\"416\">Ferdig katalog<\/td>\n<\/tr>\n<tr>\n<td valign=\"top\" width=\"196\">Digitalisering \u00a0 (evt. link til dig. filer)<\/td>\n<td valign=\"top\" width=\"416\">nei<\/td>\n<\/tr>\n<tr>\n<td valign=\"top\" width=\"196\">Oppbevarings- \u00a0 \/deponeringssted<\/td>\n<td valign=\"top\" width=\"416\">Troms og Finnmark fylkesbibliotek<\/td>\n<\/tr>\n<tr>\n<td valign=\"top\" width=\"196\">Kontaktopplysninger<\/td>\n<td valign=\"top\" width=\"416\"><a href=\"http:\/\/fylkesbibliotek.tffk.no\/foto-og-privatarkiv\/privatarkiv\/\" target=\"_blank\" rel=\"noopener\">Troms og Finnmark fylkesbibliotek<\/a><\/td>\n<\/tr>\n<tr>\n<td valign=\"top\" width=\"196\">Spesielle bemerkninger<br \/>\n(fysisk tilstand, klausul osv.)<\/td>\n<td valign=\"top\" width=\"416\"><\/td>\n<\/tr>\n<\/tbody>\n<\/table>\n","protected":false},"excerpt":{"rendered":"Denne folkebevegelsen var en landsomfattende organisasjon mot norsk EF-medlemskap, aktiv f\u00f8r folkeavstemningen i 1972. I dagligtale ble navnet Folkebevegelsen mot EEC eller Folkebevegelsen benyttet. Vads\u00f8-utvalget ble stiftet p\u00e5 et \u00e5pent m\u00f8te i mars 1971. M\u00f8tet samlet omkring 100 deltakere. Folkebevegelsen i Vads\u00f8 hadde en tverrpolitisk karakter i likhet med bevegelsen i landet for\u00f8vrig, men med [&hellip;]","protected":false},"author":1,"featured_media":0,"comment_status":"closed","ping_status":"closed","sticky":false,"template":"","format":"standard","meta":[],"categories":[135],"tags":[179,63],"_links":{"self":[{"href":"https:\/\/finnmarksarkivene.no\/index.php?rest_route=\/wp\/v2\/posts\/814"}],"collection":[{"href":"https:\/\/finnmarksarkivene.no\/index.php?rest_route=\/wp\/v2\/posts"}],"about":[{"href":"https:\/\/finnmarksarkivene.no\/index.php?rest_route=\/wp\/v2\/types\/post"}],"author":[{"embeddable":true,"href":"https:\/\/finnmarksarkivene.no\/index.php?rest_route=\/wp\/v2\/users\/1"}],"replies":[{"embeddable":true,"href":"https:\/\/finnmarksarkivene.no\/index.php?rest_route=%2Fwp%2Fv2%2Fcomments&post=814"}],"version-history":[{"count":2,"href":"https:\/\/finnmarksarkivene.no\/index.php?rest_route=\/wp\/v2\/posts\/814\/revisions"}],"predecessor-version":[{"id":8569,"href":"https:\/\/finnmarksarkivene.no\/index.php?rest_route=\/wp\/v2\/posts\/814\/revisions\/8569"}],"wp:attachment":[{"href":"https:\/\/finnmarksarkivene.no\/index.php?rest_route=%2Fwp%2Fv2%2Fmedia&parent=814"}],"wp:term":[{"taxonomy":"category","embeddable":true,"href":"https:\/\/finnmarksarkivene.no\/index.php?rest_route=%2Fwp%2Fv2%2Fcategories&post=814"},{"taxonomy":"post_tag","embeddable":true,"href":"https:\/\/finnmarksarkivene.no\/index.php?rest_route=%2Fwp%2Fv2%2Ftags&post=814"}],"curies":[{"name":"wp","href":"https:\/\/api.w.org\/{rel}","templated":true}]}}