{"id":826,"date":"2014-03-27T16:45:24","date_gmt":"2014-03-27T16:45:24","guid":{"rendered":"http:\/\/finnmarksarkivene.no\/?p=826"},"modified":"2017-06-13T13:15:48","modified_gmt":"2017-06-13T13:15:48","slug":"altasaken-legeaksjonen-mot-misbruk-av-psykiatrien-1981","status":"publish","type":"post","link":"https:\/\/finnmarksarkivene.no\/?p=826","title":{"rendered":"Altasaken. Legeaksjonen mot misbruk av psykiatrien 1981"},"content":{"rendered":"<p>6. februar 1981 fikk Norges nye statsminister Gro Harlem Brundtland bes\u00f8k av 13 samiske kvinner og ei jente p\u00e5 5 \u00e5r. Kvinnene anmodet henne om \u00e5 stanse anleggsarbeidet i Stilla. I arkivet finnes lege Christian Fangels dokumentasjon fra &#8220;Legeaksjonen mot misbruk av psykiatrien&#8221;. Den ble iverksatt spontant som en reaksjon p\u00e5 at myndighetene koblet inn slikt personell for \u00e5 f\u00e5 fjernet aksjonistene fra statsministerens kontor. Materialet oppbevares ved S\u00e1mi Arkiiva \/ Samisk arkiv.<!--more--><\/p>\n<table border=\"1\" cellspacing=\"0\" cellpadding=\"0\">\n<tbody>\n<tr>\n<td valign=\"top\" width=\"196\">Arkivnavn<\/td>\n<td valign=\"top\" width=\"416\">Altasaken.\u00a0Legeaksjonen mot misbruk av psykiatrien 1981<\/td>\n<\/tr>\n<tr>\n<td valign=\"top\" width=\"196\">Arkivskaper<\/td>\n<td valign=\"top\" width=\"416\">Christian Fangel<\/td>\n<\/tr>\n<tr>\n<td valign=\"top\" width=\"196\">Arkivref. (id)<\/td>\n<td valign=\"top\" width=\"416\">SAMI\/PA-1015<\/td>\n<\/tr>\n<tr>\n<td valign=\"top\" width=\"196\">Reg. base<\/td>\n<td valign=\"top\" width=\"416\">Asta<\/td>\n<\/tr>\n<tr>\n<td valign=\"top\" width=\"196\">Publ. base (evt. link til katalogen)<\/td>\n<td valign=\"top\" width=\"416\"><a href=\"http:\/\/www.arkivportalen.no\/side\/arkiv\/detaljer?arkivId=no-a1450-10000000000001\" target=\"_blank\" rel=\"noopener noreferrer\">Arkivportalen<\/a><\/td>\n<\/tr>\n<tr>\n<td valign=\"top\" width=\"196\">Type materiale, evt. ogs\u00e5 innholdstype<\/td>\n<td valign=\"top\" width=\"416\">Dokumentasjon\u00a0av legeaksjonen gjennom uttalelser, opprop,<br \/>\npressekonferanser m.m.\u00a0brev, dokumenter, avisklipp.<\/td>\n<\/tr>\n<tr>\n<td valign=\"top\" width=\"196\">Tidsperiode<\/td>\n<td valign=\"top\" width=\"416\">09.02. &#8211; 20.02.1981<\/td>\n<\/tr>\n<tr>\n<td valign=\"top\" width=\"196\">Type virksomhet<\/td>\n<td valign=\"top\" width=\"416\">Folkebevegelser \/ aksjoner<\/td>\n<\/tr>\n<tr>\n<td valign=\"top\" width=\"196\">Sted \/ omr\u00e5de<\/td>\n<td valign=\"top\" width=\"416\">Norge<\/td>\n<\/tr>\n<tr>\n<td valign=\"top\" width=\"196\">Spr\u00e5k<\/td>\n<td valign=\"top\" width=\"416\">&#8211;<\/td>\n<\/tr>\n<tr>\n<td valign=\"top\" width=\"196\">Ordningsgrad<\/td>\n<td valign=\"top\" width=\"416\">Ferdig ordnet<\/td>\n<\/tr>\n<tr>\n<td valign=\"top\" width=\"196\">Omfang<\/td>\n<td valign=\"top\" width=\"416\"><\/td>\n<\/tr>\n<tr>\n<td valign=\"top\" width=\"196\">Arkivliste<\/td>\n<td valign=\"top\" width=\"416\">Katalogisert<\/td>\n<\/tr>\n<tr>\n<td valign=\"top\" width=\"196\">Digitalisering (evt. link til digitaliserte filer)<\/td>\n<td valign=\"top\" width=\"416\"><a href=\"http:\/\/www.arkivportalen.no\/side\/arkiv\/detaljer?arkivId=no-a1450-10000000000001\" target=\"_blank\" rel=\"noopener noreferrer\">Arkivportalen<\/a><\/td>\n<\/tr>\n<tr>\n<td valign=\"top\" width=\"196\">Oppbevarings- \u00a0 \/deponeringssted<\/td>\n<td valign=\"top\" width=\"416\">Samisk arkiv\/\u00a0S\u00e1mi Arkiiva<\/td>\n<\/tr>\n<tr>\n<td valign=\"top\" width=\"196\">Kontaktopplysninger<\/td>\n<td valign=\"top\" width=\"416\"><a href=\"https:\/\/www.arkivverket.no\/om-oss\/samisk-arkiv\" target=\"_blank\" rel=\"noopener noreferrer\">Samisk arkiv\/S\u00e1mi Arkiiva<\/a><\/td>\n<\/tr>\n<tr>\n<td valign=\"top\" width=\"196\">Spesielle bemerkninger<br \/>\n(fysisk tilstand, klausul osv.)<\/td>\n<td valign=\"top\" width=\"416\">&#8211;<\/td>\n<\/tr>\n<\/tbody>\n<\/table>\n<p>&nbsp;<\/p>\n","protected":false},"excerpt":{"rendered":"6. februar 1981 fikk Norges nye statsminister Gro Harlem Brundtland bes\u00f8k av 13 samiske kvinner og ei jente p\u00e5 5 \u00e5r. Kvinnene anmodet henne om \u00e5 stanse anleggsarbeidet i Stilla. I arkivet finnes lege Christian Fangels dokumentasjon fra &#8220;Legeaksjonen mot misbruk av psykiatrien&#8221;. Den ble iverksatt spontant som en reaksjon p\u00e5 at myndighetene koblet inn [&hellip;]","protected":false},"author":1,"featured_media":0,"comment_status":"closed","ping_status":"closed","sticky":false,"template":"","format":"standard","meta":[],"categories":[135],"tags":[54,179,176],"_links":{"self":[{"href":"https:\/\/finnmarksarkivene.no\/index.php?rest_route=\/wp\/v2\/posts\/826"}],"collection":[{"href":"https:\/\/finnmarksarkivene.no\/index.php?rest_route=\/wp\/v2\/posts"}],"about":[{"href":"https:\/\/finnmarksarkivene.no\/index.php?rest_route=\/wp\/v2\/types\/post"}],"author":[{"embeddable":true,"href":"https:\/\/finnmarksarkivene.no\/index.php?rest_route=\/wp\/v2\/users\/1"}],"replies":[{"embeddable":true,"href":"https:\/\/finnmarksarkivene.no\/index.php?rest_route=%2Fwp%2Fv2%2Fcomments&post=826"}],"version-history":[{"count":2,"href":"https:\/\/finnmarksarkivene.no\/index.php?rest_route=\/wp\/v2\/posts\/826\/revisions"}],"predecessor-version":[{"id":5324,"href":"https:\/\/finnmarksarkivene.no\/index.php?rest_route=\/wp\/v2\/posts\/826\/revisions\/5324"}],"wp:attachment":[{"href":"https:\/\/finnmarksarkivene.no\/index.php?rest_route=%2Fwp%2Fv2%2Fmedia&parent=826"}],"wp:term":[{"taxonomy":"category","embeddable":true,"href":"https:\/\/finnmarksarkivene.no\/index.php?rest_route=%2Fwp%2Fv2%2Fcategories&post=826"},{"taxonomy":"post_tag","embeddable":true,"href":"https:\/\/finnmarksarkivene.no\/index.php?rest_route=%2Fwp%2Fv2%2Ftags&post=826"}],"curies":[{"name":"wp","href":"https:\/\/api.w.org\/{rel}","templated":true}]}}