{"id":8631,"date":"2021-10-20T08:52:26","date_gmt":"2021-10-20T08:52:26","guid":{"rendered":"http:\/\/finnmarksarkivene.no\/?p=8631"},"modified":"2021-10-25T14:53:01","modified_gmt":"2021-10-25T14:53:01","slug":"en-stor-dag-for-sapmi-lappekodisillen-flytter-hjem-til-samisk-arkiv","status":"publish","type":"post","link":"https:\/\/finnmarksarkivene.no\/?p=8631","title":{"rendered":"En stor dag for S\u00e1pmi: Lappekodisillen flytter hjem til Samisk arkiv"},"content":{"rendered":"\n<p><strong>Med et fint og h\u00f8ytidelig arrangement ble Lappekodisillens hjemkomst markert p\u00e5 Diehtosiida i Kautokeino. \u00c6resgjesten kong Harald og andre inviterte gjester bevitnet da statssekret\u00e6r i Kultur- og likestillingsdepartementet, Gry Haugsbakken overrakte dokumentet til avtroppende sametingspresident Aili Keskitalo. &nbsp;&nbsp;<\/strong><\/p>\n\n\n\n<!--more-->\n\n\n\n<p>Lappekodisillen fra 1751 er fremdeles et viktig dokument som sikrer at samene kan flytte reinsdyr over landegrensene, for eksempel slik det foregikk under koronapandemien.<\/p>\n\n\n\n<p>Dette 270 \u00e5r gamle dokumentet er omtalt som \u00absamenes Magna Carta\u00bb. Det er den f\u00f8rste folkerettslige traktaten som er gitt for \u00e5 beskytte samene som minoritet og urfolk i Norge. Den sl\u00e5r ogs\u00e5 fast at samene n\u00e6rmest har privatrettslig eiendomsrett til sine landomr\u00e5der, noe som er blitt underkommunisert helt frem til i dag.<\/p>\n\n\n\n<p>Dokumentet har frem til n\u00e5 blitt oppbevart nede i Arkivverkets kjellermagasin i Oslo.&nbsp; N\u00e5 skal den bli oppbevart i Samisk arkiv i Kautokeino. &nbsp;Det er viktig at den befinner seg der hvor interessen for den ligger. Den ble laget for samene.<\/p>\n\n\n\n<figure class=\"wp-block-image size-large\"><a href=\"https:\/\/finnmarksarkivene.no\/wp-content\/uploads\/2021\/10\/Inger-Lene-og-Tove-scaled.jpg\"><img loading=\"lazy\" width=\"1024\" height=\"768\" src=\"https:\/\/finnmarksarkivene.no\/wp-content\/uploads\/2021\/10\/Inger-Lene-og-Tove-1024x768.jpg\" alt=\"\" class=\"wp-image-8633\" srcset=\"https:\/\/finnmarksarkivene.no\/wp-content\/uploads\/2021\/10\/Inger-Lene-og-Tove-1024x768.jpg 1024w, https:\/\/finnmarksarkivene.no\/wp-content\/uploads\/2021\/10\/Inger-Lene-og-Tove-300x225.jpg 300w, https:\/\/finnmarksarkivene.no\/wp-content\/uploads\/2021\/10\/Inger-Lene-og-Tove-768x576.jpg 768w\" sizes=\"(max-width: 1024px) 100vw, 1024px\" \/><\/a><figcaption>\u00abDet er en stor \u00e6re til \u00e5 bli invitert hit i dag\u00bb, konstater Tove Johansen fra Museene for kystkultur og gjenreisning (bakerst) og Inger Lene Nyttingnes fra Varanger museum. De tilf\u00f8yer at &#8220;Samisk arkiv har en sentral rolle i Finnmarksarkivene, og det betyr mye for oss \u00e5 v\u00e6re her i dag.&#8221; Foto: Helena Maliniemi, Troms og Finnmark fylkesbibliotek.<\/figcaption><\/figure>\n\n\n\n<figure class=\"wp-block-image size-large\"><a href=\"https:\/\/finnmarksarkivene.no\/wp-content\/uploads\/2021\/10\/Kongen-kommen-scaled.jpg\"><img loading=\"lazy\" width=\"768\" height=\"1024\" src=\"https:\/\/finnmarksarkivene.no\/wp-content\/uploads\/2021\/10\/Kongen-kommen-768x1024.jpg\" alt=\"\" class=\"wp-image-8634\" srcset=\"https:\/\/finnmarksarkivene.no\/wp-content\/uploads\/2021\/10\/Kongen-kommen-768x1024.jpg 768w, https:\/\/finnmarksarkivene.no\/wp-content\/uploads\/2021\/10\/Kongen-kommen-225x300.jpg 225w, https:\/\/finnmarksarkivene.no\/wp-content\/uploads\/2021\/10\/Kongen-kommen-scaled.jpg 1920w\" sizes=\"(max-width: 768px) 100vw, 768px\" \/><\/a><figcaption>Kong Harald ble tatt imot av riksarkivar Inga Bolstad. Foto: Helena Maliniemi, Troms og Finnmark fylkesbibliotek.<\/figcaption><\/figure>\n\n\n\n<figure class=\"wp-block-image size-large\"><a href=\"https:\/\/finnmarksarkivene.no\/wp-content\/uploads\/2021\/10\/Aili-Keskitalo-og-Gry-Haugsbakken-versjon-2-scaled.jpg\"><img loading=\"lazy\" width=\"879\" height=\"1024\" src=\"https:\/\/finnmarksarkivene.no\/wp-content\/uploads\/2021\/10\/Aili-Keskitalo-og-Gry-Haugsbakken-versjon-2-879x1024.jpg\" alt=\"\" class=\"wp-image-8632\" srcset=\"https:\/\/finnmarksarkivene.no\/wp-content\/uploads\/2021\/10\/Aili-Keskitalo-og-Gry-Haugsbakken-versjon-2-879x1024.jpg 879w, https:\/\/finnmarksarkivene.no\/wp-content\/uploads\/2021\/10\/Aili-Keskitalo-og-Gry-Haugsbakken-versjon-2-258x300.jpg 258w, https:\/\/finnmarksarkivene.no\/wp-content\/uploads\/2021\/10\/Aili-Keskitalo-og-Gry-Haugsbakken-versjon-2-768x895.jpg 768w\" sizes=\"(max-width: 879px) 100vw, 879px\" \/><\/a><figcaption>Et historisk \u00f8yeblikk. Avtroppende sametingspresident Aili Keskitalo tar imot det symboltunge dokumentet fra Gry Haugsbakken, statssekret\u00e6r i Kultur- og likestillingsdepartementet. Foto: Helena Maliniemi, Troms og Finnmark fylkesbibliotek.<\/figcaption><\/figure>\n\n\n\n<figure class=\"wp-block-image size-large\"><a href=\"https:\/\/finnmarksarkivene.no\/wp-content\/uploads\/2021\/10\/Gjester.jpeg\"><img loading=\"lazy\" width=\"1024\" height=\"768\" src=\"https:\/\/finnmarksarkivene.no\/wp-content\/uploads\/2021\/10\/Gjester-1024x768.jpeg\" alt=\"\" class=\"wp-image-8643\" srcset=\"https:\/\/finnmarksarkivene.no\/wp-content\/uploads\/2021\/10\/Gjester-1024x768.jpeg 1024w, https:\/\/finnmarksarkivene.no\/wp-content\/uploads\/2021\/10\/Gjester-300x225.jpeg 300w, https:\/\/finnmarksarkivene.no\/wp-content\/uploads\/2021\/10\/Gjester-768x576.jpeg 768w, https:\/\/finnmarksarkivene.no\/wp-content\/uploads\/2021\/10\/Gjester.jpeg 2048w\" sizes=\"(max-width: 1024px) 100vw, 1024px\" \/><\/a><figcaption>Inviterte gjester inn i foajeen p\u00e5 Diehtosiida.  Foto: Inger Lene Nyttingnes, Varanger museum.<\/figcaption><\/figure>\n","protected":false},"excerpt":{"rendered":"Med et fint og h\u00f8ytidelig arrangement ble Lappekodisillens hjemkomst markert p\u00e5 Diehtosiida i Kautokeino. \u00c6resgjesten kong Harald og andre inviterte gjester bevitnet da statssekret\u00e6r i Kultur- og likestillingsdepartementet, Gry Haugsbakken overrakte dokumentet til avtroppende sametingspresident Aili Keskitalo. &nbsp;&nbsp;","protected":false},"author":1,"featured_media":8632,"comment_status":"closed","ping_status":"closed","sticky":false,"template":"","format":"standard","meta":[],"categories":[11],"tags":[],"_links":{"self":[{"href":"https:\/\/finnmarksarkivene.no\/index.php?rest_route=\/wp\/v2\/posts\/8631"}],"collection":[{"href":"https:\/\/finnmarksarkivene.no\/index.php?rest_route=\/wp\/v2\/posts"}],"about":[{"href":"https:\/\/finnmarksarkivene.no\/index.php?rest_route=\/wp\/v2\/types\/post"}],"author":[{"embeddable":true,"href":"https:\/\/finnmarksarkivene.no\/index.php?rest_route=\/wp\/v2\/users\/1"}],"replies":[{"embeddable":true,"href":"https:\/\/finnmarksarkivene.no\/index.php?rest_route=%2Fwp%2Fv2%2Fcomments&post=8631"}],"version-history":[{"count":9,"href":"https:\/\/finnmarksarkivene.no\/index.php?rest_route=\/wp\/v2\/posts\/8631\/revisions"}],"predecessor-version":[{"id":8650,"href":"https:\/\/finnmarksarkivene.no\/index.php?rest_route=\/wp\/v2\/posts\/8631\/revisions\/8650"}],"wp:featuredmedia":[{"embeddable":true,"href":"https:\/\/finnmarksarkivene.no\/index.php?rest_route=\/wp\/v2\/media\/8632"}],"wp:attachment":[{"href":"https:\/\/finnmarksarkivene.no\/index.php?rest_route=%2Fwp%2Fv2%2Fmedia&parent=8631"}],"wp:term":[{"taxonomy":"category","embeddable":true,"href":"https:\/\/finnmarksarkivene.no\/index.php?rest_route=%2Fwp%2Fv2%2Fcategories&post=8631"},{"taxonomy":"post_tag","embeddable":true,"href":"https:\/\/finnmarksarkivene.no\/index.php?rest_route=%2Fwp%2Fv2%2Ftags&post=8631"}],"curies":[{"name":"wp","href":"https:\/\/api.w.org\/{rel}","templated":true}]}}