{"id":8647,"date":"2021-10-25T14:49:47","date_gmt":"2021-10-25T14:49:47","guid":{"rendered":"http:\/\/finnmarksarkivene.no\/?p=8647"},"modified":"2021-10-25T14:53:33","modified_gmt":"2021-10-25T14:53:33","slug":"mearkkasahtti-beaivi-sapmai-lappekodisilla-farre-ruoktot-sami-arkiivii","status":"publish","type":"post","link":"https:\/\/finnmarksarkivene.no\/?p=8647","title":{"rendered":"Mearkka\u0161ahtti beaivi S\u00e1pm\u00e1i: Lappekodisilla f\u00e1rre ruoktot S\u00e1mi arkiivii"},"content":{"rendered":"\n<p><strong>Erenoam\u00e1\u0161 ja alla\u00e1igg\u00e1la\u0161 doalut l\u00e1giduvvojedje Diehtosiiddas Guovdageainnus go Lappekodisilla ollii ruoktot. Gudneguossi Gonagas Harald ja ear\u00e1 bovdejuvvon guossit ledje duo\u0111a\u0161teaddjin go Kultur- ja d\u00e1sse\u00e1rvodepartemeantta st\u00e1hta\u010d\u00e1lli, Gry Haugsbakken geigii dokumeantta luohpi s\u00e1mediggepresidentii Aili Keskitaloi.&nbsp;<\/strong><\/p>\n\n\n\n<!--more-->\n\n\n\n<p>Lappekodisilla 1751 lea deh\u00e1la\u0161 dokumeanta mii ain gie\u0111ahall\u00e1 boazos\u00e1miid<br>vuoigatvuo\u0111a johtit ealuiguin riikkar\u00e1j\u00e1id rast\u00e1, ovdamearkka dihte seamma l\u00e1hkai go<br>koronapandemiija \u00e1iggi.<\/p>\n\n\n\n<p>270 jagi boares dokumeanta goh\u010doduvvo d\u00e1vj\u00e1 \u201cs\u00e1miid Magna Carta\u201d. Dat lea vuostta\u0161 \u00e1lbmotrievtt\u00e1la\u0161 trakt\u00e1hta mii suddje s\u00e1miid unnitlohko\u00e1lbmogin ja eami\u00e1lbmogin Norggas. Dat duo\u0111a\u0161ta maid ahte s\u00e1miin lea priv\u00e1htarievtt\u00e1la\u0161 oamastanriekti ie\u017eas eatnamiidda, juoga mii d\u00e1n r\u00e1djai lea uhc\u00e1n s\u00e1gastallojuvvon. &nbsp;&nbsp;<\/p>\n\n\n\n<p>Dokumeanta lea d\u00e1ss\u00e1\u017eii vurkejuvvon keall\u00e1ris, Arkiivadoaimmahaga magasiinnas Oslos. D\u00e1l dat galg\u00e1 vurkejuvvot ja h\u00e1ldda\u0161uvvot S\u00e1mi arkiivvas Guovdageainnus. Lea deh\u00e1la\u0161 ahte dat lea doppe gos dasa lea stuorimus bero\u0161tupmi . Dat r\u00e1hkaduvvui s\u00e1miid v\u00e1r\u00e1s.<\/p>\n\n\n\n<figure class=\"wp-block-image size-large\"><a href=\"https:\/\/finnmarksarkivene.no\/wp-content\/uploads\/2021\/10\/Inger-Lene-og-Tove-scaled.jpg\"><img loading=\"lazy\" width=\"1024\" height=\"768\" src=\"https:\/\/finnmarksarkivene.no\/wp-content\/uploads\/2021\/10\/Inger-Lene-og-Tove-1024x768.jpg\" alt=\"\" class=\"wp-image-8633\" srcset=\"https:\/\/finnmarksarkivene.no\/wp-content\/uploads\/2021\/10\/Inger-Lene-og-Tove-1024x768.jpg 1024w, https:\/\/finnmarksarkivene.no\/wp-content\/uploads\/2021\/10\/Inger-Lene-og-Tove-300x225.jpg 300w, https:\/\/finnmarksarkivene.no\/wp-content\/uploads\/2021\/10\/Inger-Lene-og-Tove-768x576.jpg 768w\" sizes=\"(max-width: 1024px) 100vw, 1024px\" \/><\/a><figcaption>\u201cMunnje lea stuora gudni go deike lean bovdejuvvon odne\u201d, dadj\u00e1 Tove Johansen, Riddokultuvrra ja o\u0111\u0111asishuksen museat (duog\u00e1bealde) ja Inger Lene Nyttingnes, V\u00e1rjjat musea. Soai lasiheaba vel ahte \u201cS\u00e1mi arkiivvas lea stuora mearkka\u0161upmi Finnm\u00e1rku-arkiivvaide, ja munnuide mearkka\u0161a hui ollu go besse leat d\u00e1ppe odne\u201d. Govven: Helena Maliniemi, Tromssa ja Finnm\u00e1rkku fylkkagirjer\u00e1dju. <\/figcaption><\/figure>\n\n\n\n<figure class=\"wp-block-image size-large\"><a href=\"https:\/\/finnmarksarkivene.no\/wp-content\/uploads\/2021\/10\/Kongen-kommen-scaled.jpg\"><img loading=\"lazy\" width=\"768\" height=\"1024\" src=\"https:\/\/finnmarksarkivene.no\/wp-content\/uploads\/2021\/10\/Kongen-kommen-768x1024.jpg\" alt=\"\" class=\"wp-image-8634\" srcset=\"https:\/\/finnmarksarkivene.no\/wp-content\/uploads\/2021\/10\/Kongen-kommen-768x1024.jpg 768w, https:\/\/finnmarksarkivene.no\/wp-content\/uploads\/2021\/10\/Kongen-kommen-225x300.jpg 225w, https:\/\/finnmarksarkivene.no\/wp-content\/uploads\/2021\/10\/Kongen-kommen-scaled.jpg 1920w\" sizes=\"(max-width: 768px) 100vw, 768px\" \/><\/a><figcaption>Riikkaarkiv\u00e1ra Inga Bolstad v\u00e1ld\u00e1 vuost\u00e1 Gonagasa Haralda. Govven: Helena Maliniemi, Romssa ja Finnm\u00e1rkku fylkkagirjer\u00e1dju. Historjj\u00e1la\u0161 v\u00e1s\u00e1hus.<\/figcaption><\/figure>\n\n\n\n<figure class=\"wp-block-image size-large\"><a href=\"https:\/\/finnmarksarkivene.no\/wp-content\/uploads\/2021\/10\/Aili-Keskitalo-og-Gry-Haugsbakken-versjon-2-scaled.jpg\"><img loading=\"lazy\" width=\"879\" height=\"1024\" src=\"https:\/\/finnmarksarkivene.no\/wp-content\/uploads\/2021\/10\/Aili-Keskitalo-og-Gry-Haugsbakken-versjon-2-879x1024.jpg\" alt=\"\" class=\"wp-image-8632\" srcset=\"https:\/\/finnmarksarkivene.no\/wp-content\/uploads\/2021\/10\/Aili-Keskitalo-og-Gry-Haugsbakken-versjon-2-879x1024.jpg 879w, https:\/\/finnmarksarkivene.no\/wp-content\/uploads\/2021\/10\/Aili-Keskitalo-og-Gry-Haugsbakken-versjon-2-258x300.jpg 258w, https:\/\/finnmarksarkivene.no\/wp-content\/uploads\/2021\/10\/Aili-Keskitalo-og-Gry-Haugsbakken-versjon-2-768x895.jpg 768w\" sizes=\"(max-width: 879px) 100vw, 879px\" \/><\/a><figcaption>Kultur- ja d\u00e1sse\u00e1rvodepartemeantta st\u00e1hta\u010d\u00e1lli Gry Haugsbakken geigii dokumeantta luohpi s\u00e1mediggepresidentii Aili Keskitaloi, gii v\u00e1lddii vuost\u00e1 dokumeantta mas lea stuora symbolala\u0161 \u00e1rvu. Govven: Helena Maliniemi, Romssa ja Finnm\u00e1rkku fylkkagirjer\u00e1dju. <\/figcaption><\/figure>\n\n\n\n<figure class=\"wp-block-image size-large\"><a href=\"https:\/\/finnmarksarkivene.no\/wp-content\/uploads\/2021\/10\/Gjester.jpeg\"><img loading=\"lazy\" width=\"1024\" height=\"768\" src=\"https:\/\/finnmarksarkivene.no\/wp-content\/uploads\/2021\/10\/Gjester-1024x768.jpeg\" alt=\"\" class=\"wp-image-8643\" srcset=\"https:\/\/finnmarksarkivene.no\/wp-content\/uploads\/2021\/10\/Gjester-1024x768.jpeg 1024w, https:\/\/finnmarksarkivene.no\/wp-content\/uploads\/2021\/10\/Gjester-300x225.jpeg 300w, https:\/\/finnmarksarkivene.no\/wp-content\/uploads\/2021\/10\/Gjester-768x576.jpeg 768w, https:\/\/finnmarksarkivene.no\/wp-content\/uploads\/2021\/10\/Gjester.jpeg 2048w\" sizes=\"(max-width: 1024px) 100vw, 1024px\" \/><\/a><figcaption>Bovdejuvvon guossit Diehtosiidda feask\u00e1ris. Govven: Inger Lene Nyttingnes, V\u00e1rjjat musea. <\/figcaption><\/figure>\n","protected":false},"excerpt":{"rendered":"Erenoam\u00e1\u0161 ja alla\u00e1igg\u00e1la\u0161 doalut l\u00e1giduvvojedje Diehtosiiddas Guovdageainnus go Lappekodisilla ollii ruoktot. Gudneguossi Gonagas Harald ja ear\u00e1 bovdejuvvon guossit ledje duo\u0111a\u0161teaddjin go Kultur- ja d\u00e1sse\u00e1rvodepartemeantta st\u00e1hta\u010d\u00e1lli, Gry Haugsbakken geigii dokumeantta luohpi s\u00e1mediggepresidentii Aili Keskitaloi.&nbsp;","protected":false},"author":1,"featured_media":8632,"comment_status":"closed","ping_status":"closed","sticky":false,"template":"","format":"standard","meta":[],"categories":[11,4],"tags":[],"_links":{"self":[{"href":"https:\/\/finnmarksarkivene.no\/index.php?rest_route=\/wp\/v2\/posts\/8647"}],"collection":[{"href":"https:\/\/finnmarksarkivene.no\/index.php?rest_route=\/wp\/v2\/posts"}],"about":[{"href":"https:\/\/finnmarksarkivene.no\/index.php?rest_route=\/wp\/v2\/types\/post"}],"author":[{"embeddable":true,"href":"https:\/\/finnmarksarkivene.no\/index.php?rest_route=\/wp\/v2\/users\/1"}],"replies":[{"embeddable":true,"href":"https:\/\/finnmarksarkivene.no\/index.php?rest_route=%2Fwp%2Fv2%2Fcomments&post=8647"}],"version-history":[{"count":2,"href":"https:\/\/finnmarksarkivene.no\/index.php?rest_route=\/wp\/v2\/posts\/8647\/revisions"}],"predecessor-version":[{"id":8651,"href":"https:\/\/finnmarksarkivene.no\/index.php?rest_route=\/wp\/v2\/posts\/8647\/revisions\/8651"}],"wp:featuredmedia":[{"embeddable":true,"href":"https:\/\/finnmarksarkivene.no\/index.php?rest_route=\/wp\/v2\/media\/8632"}],"wp:attachment":[{"href":"https:\/\/finnmarksarkivene.no\/index.php?rest_route=%2Fwp%2Fv2%2Fmedia&parent=8647"}],"wp:term":[{"taxonomy":"category","embeddable":true,"href":"https:\/\/finnmarksarkivene.no\/index.php?rest_route=%2Fwp%2Fv2%2Fcategories&post=8647"},{"taxonomy":"post_tag","embeddable":true,"href":"https:\/\/finnmarksarkivene.no\/index.php?rest_route=%2Fwp%2Fv2%2Ftags&post=8647"}],"curies":[{"name":"wp","href":"https:\/\/api.w.org\/{rel}","templated":true}]}}