{"id":8660,"date":"2021-11-10T12:33:32","date_gmt":"2021-11-10T12:33:32","guid":{"rendered":"http:\/\/finnmarksarkivene.no\/?p=8660"},"modified":"2021-11-16T08:47:48","modified_gmt":"2021-11-16T08:47:48","slug":"barn-i-arkivet-video-om-barneminner-i-finnmarksarkivene","status":"publish","type":"post","link":"https:\/\/finnmarksarkivene.no\/?p=8660","title":{"rendered":"&#8220;Barn i arkivet&#8221; &#8211; Video om barneminner i Finnmarksarkivene"},"content":{"rendered":"\n<p>Troms og Finnmark fylkesbibliotek markerer Arkivdagen 2021 med videoen \u00abBarn i arkivet\u00bb.<\/p>\n\n\n\n<!--more-->\n\n\n\n<p>Se video:<\/p>\n\n\n\n<figure class=\"wp-block-embed is-type-video is-provider-youtube wp-block-embed-youtube wp-embed-aspect-16-9 wp-has-aspect-ratio\"><div class=\"wp-block-embed__wrapper\">\n<iframe loading=\"lazy\" title=\"Barn i arkivet, markering av Arkivdagen 2021\" width=\"900\" height=\"506\" src=\"https:\/\/www.youtube.com\/embed\/EU87YB_Qo4A?feature=oembed\" frameborder=\"0\" allow=\"accelerometer; autoplay; clipboard-write; encrypted-media; gyroscope; picture-in-picture\" allowfullscreen><\/iframe>\n<\/div><\/figure>\n\n\n\n<p>Videoen om barneminner varer i fem minutter. Tegningene er funnet i Finnmarksarkivenes samlinger:&nbsp;det er tegninger fra Tana museum og 85 \u00e5r gamle skolestiler fra IKA Finnmark. Fotografiene i filmen er fra fotoarkivet p\u00e5 fylkesbiblioteket. Filmen er tilgjengelig fra 10. november p\u00e5 Troms&nbsp;fylkesbiblioteks&nbsp;<a href=\"https:\/\/www.youtube.com\/channel\/UCOaZ0pF0_eE3nz-LJ-jTu-Q\">Youtube-kanal<\/a>,&nbsp;og&nbsp;<a href=\"https:\/\/www.facebook.com\/fylkesbiblioteket\">Finnmark<\/a>&nbsp;&nbsp;og&nbsp;<a href=\"https:\/\/www.facebook.com\/tromsfylkesbibliotek\">Troms<\/a>&nbsp;fylkesbiblioteks Facebook-sider. Filmen kan deles p\u00e5 Facebook, lastes ned til infoskjermer eller brukes i arrangementer.<\/p>\n\n\n\n<p>Arkivdagen er blitt markert hvert \u00e5r i november i nordiske arkivinstitusjoner siden 2001. M\u00e5let er \u00e5 vekke interesse for arkiver som samfunnets minne. Fylkesbiblioteket har egne privatarkiver og et stort fotoarkiv i v\u00e5r lokalsamling Finmarksbiblioteket. Fylkesbiblioteket i Finnmark har tidligere markert dagen i Vads\u00f8 bibliotekets lokaler med utstilling og foredrag fra inviterte forskere, historikere eller forfattere. De to siste \u00e5rene har markeringen v\u00e6rt digitalt p\u00e5 grunn av pandemien.<\/p>\n\n\n\n<p>Les mer om Arkivdagen p\u00e5 Arkivforbundets side: <a href=\"https:\/\/www.arkivforbundet.no\/2018\/04\/19\/arkivdagen\/\">https:\/\/www.arkivforbundet.no\/2018\/04\/19\/arkivdagen\/<\/a><\/p>\n\n\n\n<p>Neste \u00e5rets tema er \u00abSkeive arkiver\u00bb, arkivene sett fra et skeivt perspektiv eller minoritetsperspektiv.<\/p>\n\n\n\n<figure class=\"wp-block-image size-large\"><a href=\"https:\/\/finnmarksarkivene.no\/wp-content\/uploads\/2021\/11\/arkivdagen-2021png-pdf-scaled.jpg\"><img loading=\"lazy\" width=\"1024\" height=\"796\" src=\"https:\/\/finnmarksarkivene.no\/wp-content\/uploads\/2021\/11\/arkivdagen-2021png-pdf-1024x796.jpg\" alt=\"\" class=\"wp-image-8669\" srcset=\"https:\/\/finnmarksarkivene.no\/wp-content\/uploads\/2021\/11\/arkivdagen-2021png-pdf-1024x796.jpg 1024w, https:\/\/finnmarksarkivene.no\/wp-content\/uploads\/2021\/11\/arkivdagen-2021png-pdf-300x233.jpg 300w, https:\/\/finnmarksarkivene.no\/wp-content\/uploads\/2021\/11\/arkivdagen-2021png-pdf-768x597.jpg 768w\" sizes=\"(max-width: 1024px) 100vw, 1024px\" \/><\/a><\/figure>\n","protected":false},"excerpt":{"rendered":"Troms og Finnmark fylkesbibliotek markerer Arkivdagen 2021 med videoen \u00abBarn i arkivet\u00bb.","protected":false},"author":1,"featured_media":8661,"comment_status":"closed","ping_status":"closed","sticky":false,"template":"","format":"standard","meta":[],"categories":[11,1],"tags":[],"_links":{"self":[{"href":"https:\/\/finnmarksarkivene.no\/index.php?rest_route=\/wp\/v2\/posts\/8660"}],"collection":[{"href":"https:\/\/finnmarksarkivene.no\/index.php?rest_route=\/wp\/v2\/posts"}],"about":[{"href":"https:\/\/finnmarksarkivene.no\/index.php?rest_route=\/wp\/v2\/types\/post"}],"author":[{"embeddable":true,"href":"https:\/\/finnmarksarkivene.no\/index.php?rest_route=\/wp\/v2\/users\/1"}],"replies":[{"embeddable":true,"href":"https:\/\/finnmarksarkivene.no\/index.php?rest_route=%2Fwp%2Fv2%2Fcomments&post=8660"}],"version-history":[{"count":8,"href":"https:\/\/finnmarksarkivene.no\/index.php?rest_route=\/wp\/v2\/posts\/8660\/revisions"}],"predecessor-version":[{"id":8670,"href":"https:\/\/finnmarksarkivene.no\/index.php?rest_route=\/wp\/v2\/posts\/8660\/revisions\/8670"}],"wp:featuredmedia":[{"embeddable":true,"href":"https:\/\/finnmarksarkivene.no\/index.php?rest_route=\/wp\/v2\/media\/8661"}],"wp:attachment":[{"href":"https:\/\/finnmarksarkivene.no\/index.php?rest_route=%2Fwp%2Fv2%2Fmedia&parent=8660"}],"wp:term":[{"taxonomy":"category","embeddable":true,"href":"https:\/\/finnmarksarkivene.no\/index.php?rest_route=%2Fwp%2Fv2%2Fcategories&post=8660"},{"taxonomy":"post_tag","embeddable":true,"href":"https:\/\/finnmarksarkivene.no\/index.php?rest_route=%2Fwp%2Fv2%2Ftags&post=8660"}],"curies":[{"name":"wp","href":"https:\/\/api.w.org\/{rel}","templated":true}]}}