{"id":8681,"date":"2021-12-02T10:56:50","date_gmt":"2021-12-02T10:56:50","guid":{"rendered":"http:\/\/finnmarksarkivene.no\/?p=8681"},"modified":"2021-12-03T10:48:34","modified_gmt":"2021-12-03T10:48:34","slug":"innsamlingsarbeidet-for-prosjektet-vi-er-ogsa-her-synliggjoring-av-glemte-grupper-er-avsluttet","status":"publish","type":"post","link":"https:\/\/finnmarksarkivene.no\/?p=8681","title":{"rendered":"Innsamlingsarbeidet for prosjektet \u00abVi er ogs\u00e5 her! Synliggj\u00f8ring av glemte grupper!\u00bb er avsluttet"},"content":{"rendered":"\n<p><\/p>\n\n\n\n<p><strong>Prosjektet hadde som m\u00e5l \u00e5 samle inn arkiver fra fem utvalgte grupper. Gruppene som var valgt ut i forkant var \u00f8stsamer, fiskerb\u00f8nder i kvenske og sj\u00f8samiske omr\u00e5der, reindriftssamer, utenlandske minoriteter og kvinner. I oppf\u00f8lgingen, som var den siste delen av prosjektet, mottok Finnmarksarkivene over 40 arkiver etter disse glemte gruppene.&nbsp; Vi kan si at prosjektet var sv\u00e6rt vellykket. Vi er fortsatt interessert i, og tar gjerne imot privatarkiver. Ta kontakt med oss hvis du vet om arkiver som b\u00f8r bevares.<\/strong><\/p>\n\n\n\n<!--more-->\n\n\n\n<p>Av Claus A. Pettersen, Troms og Finnmark fylkesbibliotek<\/p>\n\n\n\n<pre class=\"wp-block-preformatted\"><\/pre>\n\n\n\n<p>Privatarkiver er viktig kildemateriell til v\u00e5r historie og utfyller offentlige arkiver. De representerer lokalbefolkning. Fortellingen om hvordan bedrifter, organisasjoner og enkeltindivider har tenkt, utviklet seg og handlet, beskrives best av dem selv. Disse fortellingene \u00f8nsker vi \u00e5 bevare. De ovennevnte gruppene har v\u00e6rt underrepresentert i arkivsamlingene hos Finnmarksarkivene. Prosjektet har hatt som m\u00e5l \u00e5 bidra til \u00e5 bedre situasjonen.<\/p>\n\n\n\n<p>Prosjektet har foreg\u00e5tt over flere \u00e5r. Forprosjekt og hovedprosjektene ble gjennomf\u00f8rt i \u00e5rene 2015 og 2017. Det ble gjort en kartlegging som la grunnlaget for arbeidet med innsamlingen. Det visste seg at prosjektperioden i hovedprosjektet var altfor kort og det var mer privatarkivmateriale rundt om i fylket som man ikke rakk \u00e5 samle inn den gangen. I 2020 ble oppf\u00f8lging av hovedprosjektet gjennomf\u00f8rt.<\/p>\n\n\n\n<figure class=\"wp-block-image size-large\"><a href=\"https:\/\/finnmarksarkivene.no\/wp-content\/uploads\/2021\/12\/sarahkka_arsmote_1993.jpg\"><img loading=\"lazy\" width=\"1024\" height=\"662\" src=\"https:\/\/finnmarksarkivene.no\/wp-content\/uploads\/2021\/12\/sarahkka_arsmote_1993-1024x662.jpg\" alt=\"\" class=\"wp-image-8683\" srcset=\"https:\/\/finnmarksarkivene.no\/wp-content\/uploads\/2021\/12\/sarahkka_arsmote_1993-1024x662.jpg 1024w, https:\/\/finnmarksarkivene.no\/wp-content\/uploads\/2021\/12\/sarahkka_arsmote_1993-300x194.jpg 300w, https:\/\/finnmarksarkivene.no\/wp-content\/uploads\/2021\/12\/sarahkka_arsmote_1993-768x496.jpg 768w, https:\/\/finnmarksarkivene.no\/wp-content\/uploads\/2021\/12\/sarahkka_arsmote_1993.jpg 1500w\" sizes=\"(max-width: 1024px) 100vw, 1024px\" \/><\/a><figcaption>S\u00e1r\u00e1hkk\u00e1 \u00e5rsm\u00f8te i Kiruna 1993. Foto: Niillas A. Somby<\/figcaption><\/figure>\n\n\n\n<p>I oppf\u00f8lgingsprosjektet er det kommet inn 41 arkiver til de ulike bevaringsinstitusjonene i Finnmark. Man har hatt videre dialog med arkivskaperer\/givere fra hovedprosjektet og det er blitt etablert nye kontakter. I l\u00f8pet av prosjektperioden har antall bevarte privatarkiver fra Finnmark \u00f8kt betydelig. Man har ogs\u00e5 n\u00e5dd ut til nye grupper og personer som ikke var fanget opp i hovedprosjektet. Vi har f\u00e5tt inn arkiver som dekker samisk, finsk\/kvensk\/samisk spr\u00e5k, kvinneperspektiv, bondearkiver, bedrifter og flere lag og foreninger. Det er ogs\u00e5 kommet inn arkiver som ikke passer inn under prosjektbeskrivelsen.<\/p>\n\n\n\n<p><a href=\"https:\/\/finnmarksarkivene.no\/wp-content\/uploads\/2021\/12\/1-Innsamlede-arkiver-Vierogsaher.pdf\" data-type=\"URL\" data-id=\"https:\/\/finnmarksarkivene.no\/wp-content\/uploads\/2021\/12\/1-Innsamlede-arkiver-Vierogsaher.pdf\" target=\"_blank\" rel=\"noreferrer noopener\">Her kan du se de bevarte arkivene i oppf\u00f8lgingsprosjektet <\/a><\/p>\n\n\n\n<p>Dette har v\u00e6rt et felles prosjekt i nettverket Finnmarksarkivene som best\u00e5r av Finnmark fylkeskommune, Statsarkivet i Troms\u00f8, IKA Finnmark, Samiske arkiv, og de fem konsoliderte museumsenhetene i Finnmark. Slike felles prosjekter kobler arkiv- og bevaringsinstitusjonene n\u00e6rmere, gir bedre kjennskap til hverandre og en positiv kompetanse- og erfaringsdeling mellom arkiv- og bevaringsinstitusjonene. Nettverket Finnmarksarkivene vil i framtiden ta sikte p\u00e5 \u00e5 f\u00e5 til flere slike felles prosjekter hvor vi kan samarbeide p\u00e5 tvers av institusjonene.<\/p>\n\n\n\n<figure class=\"wp-block-image size-large\"><a href=\"https:\/\/finnmarksarkivene.no\/wp-content\/uploads\/2021\/12\/NWNL_tromso.jpg\"><img loading=\"lazy\" width=\"1024\" height=\"724\" src=\"https:\/\/finnmarksarkivene.no\/wp-content\/uploads\/2021\/12\/NWNL_tromso-1024x724.jpg\" alt=\"\" class=\"wp-image-8685\" srcset=\"https:\/\/finnmarksarkivene.no\/wp-content\/uploads\/2021\/12\/NWNL_tromso-1024x724.jpg 1024w, https:\/\/finnmarksarkivene.no\/wp-content\/uploads\/2021\/12\/NWNL_tromso-300x212.jpg 300w, https:\/\/finnmarksarkivene.no\/wp-content\/uploads\/2021\/12\/NWNL_tromso-768x543.jpg 768w\" sizes=\"(max-width: 1024px) 100vw, 1024px\" \/><\/a><figcaption>Northern Light Northern Lives &#8211; kvinneliv Nord konferansen i Troms\u00f8 1997. <\/figcaption><\/figure>\n\n\n\n<p>Koronapandemien kom til landet i perioden og begrenset prosjektet en del. Jobben opp mot eksterne bevaringsinstitusjoner og publikum i fylket har v\u00e6rt vanskelig grunnet alle COVID-19 restriksjonene. Dette har v\u00e6rt utfordrende og hemmet prosjektet noe. P\u00e5 grunn av nedstenging og reiserestriksjoner har man ikke kunnet f\u00f8lge opp kontakter som \u00f8nsket. Uten denne sitasjonen hadde man nok f\u00e5tt inn noe flere arkiver og med noe bredere geografisk spredning. Vi er likevel forn\u00f8yde med hva vi fikk inn i l\u00f8pet av prosjektet og ser at det er nyttig med innsamlingsprosjekter som dette.<\/p>\n\n\n\n<p>Vi vet at mye arkivmaterialet enda finnes ute som b\u00e5de er knyttet til denne m\u00e5lgruppen, lag og foreninger, privatpersoner, bedrifter og annet som er verdt \u00e5 ta vare p\u00e5 for framtiden. Vet du om arkiver som b\u00f8r bevares vil vi gjerne at du tar kontakt med oss.<\/p>\n\n\n\n<figure class=\"wp-block-image size-large\"><a href=\"https:\/\/finnmarksarkivene.no\/wp-content\/uploads\/2021\/12\/urfolkskonferanse_lima_1999.jpg\"><img loading=\"lazy\" width=\"1024\" height=\"711\" src=\"https:\/\/finnmarksarkivene.no\/wp-content\/uploads\/2021\/12\/urfolkskonferanse_lima_1999-1024x711.jpg\" alt=\"\" class=\"wp-image-8684\" srcset=\"https:\/\/finnmarksarkivene.no\/wp-content\/uploads\/2021\/12\/urfolkskonferanse_lima_1999-1024x711.jpg 1024w, https:\/\/finnmarksarkivene.no\/wp-content\/uploads\/2021\/12\/urfolkskonferanse_lima_1999-300x208.jpg 300w, https:\/\/finnmarksarkivene.no\/wp-content\/uploads\/2021\/12\/urfolkskonferanse_lima_1999-768x534.jpg 768w, https:\/\/finnmarksarkivene.no\/wp-content\/uploads\/2021\/12\/urfolkskonferanse_lima_1999.jpg 1500w\" sizes=\"(max-width: 1024px) 100vw, 1024px\" \/><\/a><figcaption>Urfolkskonferansen i Lima i 1999.<\/figcaption><\/figure>\n\n\n\n<p><\/p>\n\n\n\n<div class=\"wp-container-2 wp-block-columns\">\n<div class=\"wp-container-1 wp-block-column\" style=\"flex-basis:100%\">\n<pre id=\"block-b6a99a8c-4269-4525-b89d-c702c6129d92\" class=\"wp-block-code\"><code><sub>Alle bildene er fra Jorunn Eikjok- arkivet som Tana museum mottok i prosjektet. Arkivet inneholder dokumenter ifra aktiviteter i ulike kvinneforumer, kvinnenettverk, ulike arrangementer og prosjekter fra 1970-2000-tallet. Deriblant nesten 1500 foto fra diverse arrangementer hun har deltatt p\u00e5.<\/sub>\n\n<a href=\"https:\/\/finnmarksarkivene.no\/wp-content\/uploads\/2021\/12\/Arkivkatalog_DEMARK0029.pdf\" data-type=\"URL\" data-id=\"https:\/\/finnmarksarkivene.no\/wp-content\/uploads\/2021\/12\/Arkivkatalog_DEMARK0029.pdf\">Les mer om Jorunn Eikjoks arkiv<\/a><\/code><\/pre>\n<\/div>\n<\/div>\n","protected":false},"excerpt":{"rendered":"Prosjektet hadde som m\u00e5l \u00e5 samle inn arkiver fra fem utvalgte grupper. Gruppene som var valgt ut i forkant var \u00f8stsamer, fiskerb\u00f8nder i kvenske og sj\u00f8samiske omr\u00e5der, reindriftssamer, utenlandske minoriteter og kvinner. I oppf\u00f8lgingen, som var den siste delen av prosjektet, mottok Finnmarksarkivene over 40 arkiver etter disse glemte gruppene.&nbsp; Vi kan si at prosjektet [&hellip;]","protected":false},"author":1,"featured_media":8683,"comment_status":"closed","ping_status":"closed","sticky":false,"template":"","format":"standard","meta":[],"categories":[382,11],"tags":[],"_links":{"self":[{"href":"https:\/\/finnmarksarkivene.no\/index.php?rest_route=\/wp\/v2\/posts\/8681"}],"collection":[{"href":"https:\/\/finnmarksarkivene.no\/index.php?rest_route=\/wp\/v2\/posts"}],"about":[{"href":"https:\/\/finnmarksarkivene.no\/index.php?rest_route=\/wp\/v2\/types\/post"}],"author":[{"embeddable":true,"href":"https:\/\/finnmarksarkivene.no\/index.php?rest_route=\/wp\/v2\/users\/1"}],"replies":[{"embeddable":true,"href":"https:\/\/finnmarksarkivene.no\/index.php?rest_route=%2Fwp%2Fv2%2Fcomments&post=8681"}],"version-history":[{"count":3,"href":"https:\/\/finnmarksarkivene.no\/index.php?rest_route=\/wp\/v2\/posts\/8681\/revisions"}],"predecessor-version":[{"id":8691,"href":"https:\/\/finnmarksarkivene.no\/index.php?rest_route=\/wp\/v2\/posts\/8681\/revisions\/8691"}],"wp:featuredmedia":[{"embeddable":true,"href":"https:\/\/finnmarksarkivene.no\/index.php?rest_route=\/wp\/v2\/media\/8683"}],"wp:attachment":[{"href":"https:\/\/finnmarksarkivene.no\/index.php?rest_route=%2Fwp%2Fv2%2Fmedia&parent=8681"}],"wp:term":[{"taxonomy":"category","embeddable":true,"href":"https:\/\/finnmarksarkivene.no\/index.php?rest_route=%2Fwp%2Fv2%2Fcategories&post=8681"},{"taxonomy":"post_tag","embeddable":true,"href":"https:\/\/finnmarksarkivene.no\/index.php?rest_route=%2Fwp%2Fv2%2Ftags&post=8681"}],"curies":[{"name":"wp","href":"https:\/\/api.w.org\/{rel}","templated":true}]}}