{"id":8693,"date":"2021-12-13T09:07:01","date_gmt":"2021-12-13T09:07:01","guid":{"rendered":"http:\/\/finnmarksarkivene.no\/?p=8693"},"modified":"2021-12-13T09:13:26","modified_gmt":"2021-12-13T09:13:26","slug":"mii-leat-ain-dappe-vajalduvvon-joavkkuid-calmmustahttin-proseavtta-cohkkenbargu-lea-dal-loahpahuvvon","status":"publish","type":"post","link":"https:\/\/finnmarksarkivene.no\/?p=8693","title":{"rendered":"\u201cMii leat ain d\u00e1ppe! Vaj\u00e1lduvvon joavkkuid \u010dalmmustahttin!\u201d pro\u0161eavtta \u010dohkkenbargu lea d\u00e1l loahpahuvvon"},"content":{"rendered":"\n<p><strong>Pro\u0161eavtta mihttomearri lei \u010dohkket arkiivadie\u0111uid vihtta v\u00e1lljejuvvon joavkku birra. Joavkkut ledje nuortala\u010d\u010dat, mearras\u00e1mi guol\u00e1steaddjit, &nbsp;kvenat, boazos\u00e1mit, olgoriikala\u0161 unnitlohkojoavkkut ja nissonat. D\u00e1n r\u00e1djai lea &nbsp;\u010dohkkejuvvon badjel 40 arkiiva vaj\u00e1lduvvon joavkkuid eallindiliid ja doaimmaid birra. Mii s\u00e1httit dadjat ahte pro\u0161eakta lea bures lihkostuvvan. Mii h\u00e1liidat&nbsp; eanet arkiivvaid, ja v\u00e1ldit \u00e1innas vuost\u00e1 eanet priv\u00e1htaarkiivvaid. V\u00e1ldde minguin oktavuo\u0111a jos die\u0111\u00e1t arkiivvaid maid berre\u0161ii vurket.<\/strong><\/p>\n\n\n\n<!--more-->\n\n\n\n<p>Almmuheaddji: Claus A. Pettersen<\/p>\n\n\n\n<p><\/p>\n\n\n\n<p>Priv\u00e1htaarkiivvain leat ollu historjj\u00e1la\u0161 g\u00e1ldot mat dievasmahttet almmola\u0161 arkiivvaid. Dat duo\u0111a\u0161tit olbmuid birgenl\u00e1gi. Arkiivat muitalit mo fitnodagat, organisa\u0161uvnnat ja ovttaskas olbmot leat jurdda\u0161an, ovd\u00e1nan ja doaibman, muitalusat olbmuid ie\u017easet geah\u010dastagas. Daid muitalusaid h\u00e1liideimmet vurket. Finnm\u00e1rku-arkiivvaid \u010doakk\u00e1ldagain eai leat leama\u0161 nu ollu die\u0111ut namuhuvvon joavkkuid birra. &nbsp;Pro\u0161eavtta mihttomearri lea ge leama\u0161 ahte \u010dohkket deh\u00e1la\u0161 duo\u0111a\u0161tusaid vai dat bohtet \u00e1vkin ma\u014bit buolvvaide. &nbsp;<\/p>\n\n\n\n<p>Mii leat m\u00e1\u014bga jagi bargan d\u00e1inna pro\u0161eavttain. Ovdapro\u0161eakta ja v\u00e1ldopro\u0161eakta \u010da\u0111ahuvvojedje jagiid 2015 ja 2017. Ovdal go pro\u0161eakta \u00e1lggahuvvui, de \u010da\u0111ahuvvui vu\u0111ola\u0161 k\u00e1rtenbargu mii biddjui vuo\u0111\u0111un \u010dohkkenbargui. Mii fuom\u00e1\u0161eimmet ahte lei biddjon menddo oanehis \u00e1igi v\u00e1ldopro\u0161eavtta \u010da\u0111aheapm\u00e1i, ja nu b\u00e1hce ge ollu priv\u00e1htaarkiivvat fylkkas \u010dohkkekeahtt\u00e1. Pro\u0161eakta \u010duovvuluvvui de o\u0111\u0111a pro\u0161eavttain mii&nbsp; \u010da\u0111ahuvvui jagi 2020.&nbsp;<\/p>\n\n\n\n<figure class=\"wp-block-image size-large\"><a href=\"https:\/\/finnmarksarkivene.no\/wp-content\/uploads\/2021\/12\/sarahkka_arsmote_1993.jpg\"><img loading=\"lazy\" width=\"1024\" height=\"662\" src=\"https:\/\/finnmarksarkivene.no\/wp-content\/uploads\/2021\/12\/sarahkka_arsmote_1993-1024x662.jpg\" alt=\"\" class=\"wp-image-8683\" srcset=\"https:\/\/finnmarksarkivene.no\/wp-content\/uploads\/2021\/12\/sarahkka_arsmote_1993-1024x662.jpg 1024w, https:\/\/finnmarksarkivene.no\/wp-content\/uploads\/2021\/12\/sarahkka_arsmote_1993-300x194.jpg 300w, https:\/\/finnmarksarkivene.no\/wp-content\/uploads\/2021\/12\/sarahkka_arsmote_1993-768x496.jpg 768w, https:\/\/finnmarksarkivene.no\/wp-content\/uploads\/2021\/12\/sarahkka_arsmote_1993.jpg 1500w\" sizes=\"(max-width: 1024px) 100vw, 1024px\" \/><\/a><figcaption>S\u00e1r\u00e1hkk\u00e1 \u00e5rsm\u00f8te i Kiruna 1993. Foto: Niillas A. Somby Somby<\/figcaption><\/figure>\n\n\n\n<p>\u010cuovvulanpro\u0161eavtta bokte \u010dohkkiimet 41 arkiivva ie\u0161gu\u0111et arkiiva\u00e1sahusaide Finnm\u00e1rkkus. Mis lea leama\u0161 laga\u0161 oktavuohta arkiivaeaigg\u00e1diiguin ja leat \u010datnan o\u0111\u0111a oktavuo\u0111aid. Pro\u0161eakta\u00e1igodagas nagodeimmet \u010dohkket ja vurket ollu priv\u00e1htaarkiivvaid. Mii leat maid \u010datnan oktavuo\u0111aid o\u0111\u0111a joavkkuiguin ja olbmuiguin, maid eat olahan v\u00e1ldopro\u0161eakta\u00e1igodagas. Mii leat o\u017e\u017eon arkiivvaid mat sisttisdollet die\u0111uid s\u00e1miid birra, sihke s\u00e1megillii\/suomagillii\/kvenagillii, ja nissonolbmuid, eanadolliid, \u00e1sahusaid, servviid ja joavkkuid birra. Mii leat maid o\u017e\u017eon arkiivvaid mat eai gula jur d\u00e1n pro\u0161ektii.&nbsp;<\/p>\n\n\n\n<p>D\u00e1ppe leat eanet die\u0111ut vurkejuvvon arkiivvaid birra, maid nagodeimmet \u010dohkket &nbsp;\u010duovvulanpro\u0161eavtta bokte (PDF)<\/p>\n\n\n\n<p>Pro\u0161eakta lea Finnm\u00e1rkkuarkiivvaid oktasa\u0161 pro\u0161eakta mas Finnm\u00e1rkku fylkkagielda, St\u00e1htaarkiiva Romssas, IKA Finnm\u00e1rku, S\u00e1mi arkiiva ja vihtta ovttastuvvon museaovttadaga Finnm\u00e1rkkus leat leama\u0161 mielde. D\u00e1kk\u00e1r oktasa\u0161pro\u0161eavttat leat mielde nannemin arkiiva- ja vurkkodan\u00e1sahusaid gaskasa\u0161 ovttasbarggu, \u00e1sahusat oahp\u00e1smuvvet gu\u0111et guimmiidasaset mii add\u00e1 vejola\u0161vuo\u0111a juogadit sihke gelbbola\u0161vuo\u0111a ja bargguid \u00e1sahusaid gaskka. Finnm\u00e1rkkuarkiiva-fierpm\u00e1dat \u00e1igu maid boahtte\u00e1iggis \u010da\u0111ahit oktasa\u0161pro\u0161eavttaid nannen dihte \u00e1sahusaid gaskasa\u0161 ovttasbarggu.<\/p>\n\n\n\n<figure class=\"wp-block-image size-large\"><a href=\"https:\/\/finnmarksarkivene.no\/wp-content\/uploads\/2021\/12\/NWNL_tromso.jpg\"><img loading=\"lazy\" width=\"1024\" height=\"724\" src=\"https:\/\/finnmarksarkivene.no\/wp-content\/uploads\/2021\/12\/NWNL_tromso-1024x724.jpg\" alt=\"\" class=\"wp-image-8685\" srcset=\"https:\/\/finnmarksarkivene.no\/wp-content\/uploads\/2021\/12\/NWNL_tromso-1024x724.jpg 1024w, https:\/\/finnmarksarkivene.no\/wp-content\/uploads\/2021\/12\/NWNL_tromso-300x212.jpg 300w, https:\/\/finnmarksarkivene.no\/wp-content\/uploads\/2021\/12\/NWNL_tromso-768x543.jpg 768w\" sizes=\"(max-width: 1024px) 100vw, 1024px\" \/><\/a><figcaption>Northern light northen lives \u2013 Davvi nissoniid eallindilli &#8211; konfereansa Romssas 1997<\/figcaption><\/figure>\n\n\n\n<p>Pro\u0161eakta\u00e1igodagas leavai koronapandemiija mieht\u00e1 riikka, mii hehttii pro\u0161eaktabarggu ovd\u00e1neami.&nbsp; Covid-19 njoammuneastadandoaimmat dagahedje ahte vejola\u0161vuo\u0111at g\u00e1vnnadit ear\u00e1 &nbsp;vurkkodan\u00e1sahusaiguin ja olbmuiguin r\u00e1ddjejuvvojedje<\/p>\n\n\n\n<p>Dat lei h\u00e1staleaddji ja pro\u0161eaktabargu ii ovd\u00e1nan nu bures go liv\u010d\u010diimet h\u00e1liidan. Servodatdoaimmaid giddemiid ja m\u00e1tkko\u0161tanr\u00e1ddjehusaid gea\u017eil eat leat beassan \u010duovvulit buohkaid geaiguin leimmet o\u017e\u017eon oktavuo\u0111a. Mii liv\u010d\u010diimet o\u017e\u017eon ollu eanet arkiivvaid stuorit geogr\u00e1fala\u0161 guovlluin jos eat liv\u010d\u010de d\u00e1rbba\u0161an vuhtiiv\u00e1ldit Covid-19 njoammud\u00e1vdda. &nbsp;Almmatge leat hui duhtava\u010d\u010dat pro\u0161eaktabargguin ja oaidnit stuora \u00e1vkki \u010dohkkenbarggus.&nbsp;<\/p>\n\n\n\n<p>Mii diehtit ahte g\u00e1vdnojit ain ollu arkiivadie\u0111ut mat gullet d\u00e1n ulbmiljovkui; servviin, priv\u00e1htaolbmuin, fitnodagain jna. leat ollu arkiivadie\u0111ut maid berre\u0161ii v\u00e1ldit v\u00e1ra boahtte\u00e1ig\u00e1i \u00e1vkin. V\u00e1ldde minguin oktavuo\u0111a jos die\u0111\u00e1t arkiivvaid maid galgga\u0161ii vurket.&nbsp;<\/p>\n\n\n\n<figure class=\"wp-block-image size-large\"><a href=\"https:\/\/finnmarksarkivene.no\/wp-content\/uploads\/2021\/12\/urfolkskonferanse_lima_1999.jpg\"><img loading=\"lazy\" width=\"1024\" height=\"711\" src=\"https:\/\/finnmarksarkivene.no\/wp-content\/uploads\/2021\/12\/urfolkskonferanse_lima_1999-1024x711.jpg\" alt=\"\" class=\"wp-image-8684\" srcset=\"https:\/\/finnmarksarkivene.no\/wp-content\/uploads\/2021\/12\/urfolkskonferanse_lima_1999-1024x711.jpg 1024w, https:\/\/finnmarksarkivene.no\/wp-content\/uploads\/2021\/12\/urfolkskonferanse_lima_1999-300x208.jpg 300w, https:\/\/finnmarksarkivene.no\/wp-content\/uploads\/2021\/12\/urfolkskonferanse_lima_1999-768x534.jpg 768w, https:\/\/finnmarksarkivene.no\/wp-content\/uploads\/2021\/12\/urfolkskonferanse_lima_1999.jpg 1500w\" sizes=\"(max-width: 1024px) 100vw, 1024px\" \/><\/a><figcaption>Eami\u00e1lbmotkonfereansa Limas 1999<\/figcaption><\/figure>\n\n\n\n<p>&nbsp;Buot govat gullet Jorun Eikjok-arkiivii, maid Deanu musea oa\u010d\u010dui pro\u0161eavtta oktavuo\u0111as.<\/p>\n\n\n\n<p><a rel=\"noreferrer noopener\" href=\"https:\/\/finnmarksarkivene.no\/wp-content\/uploads\/2021\/12\/Arkivkatalog_DEMARK0029.pdf\" target=\"_blank\">Jorun Eikjok-arkiivii<\/a><\/p>\n\n\n\n<p><\/p>\n","protected":false},"excerpt":{"rendered":"Pro\u0161eavtta mihttomearri lei \u010dohkket arkiivadie\u0111uid vihtta v\u00e1lljejuvvon joavkku birra. Joavkkut ledje nuortala\u010d\u010dat, mearras\u00e1mi guol\u00e1steaddjit, &nbsp;kvenat, boazos\u00e1mit, olgoriikala\u0161 unnitlohkojoavkkut ja nissonat. D\u00e1n r\u00e1djai lea &nbsp;\u010dohkkejuvvon badjel 40 arkiiva vaj\u00e1lduvvon joavkkuid eallindiliid ja doaimmaid birra. Mii s\u00e1httit dadjat ahte pro\u0161eakta lea bures lihkostuvvan. Mii h\u00e1liidat&nbsp; eanet arkiivvaid, ja v\u00e1ldit \u00e1innas vuost\u00e1 eanet priv\u00e1htaarkiivvaid. V\u00e1ldde minguin oktavuo\u0111a jos [&hellip;]","protected":false},"author":1,"featured_media":8683,"comment_status":"closed","ping_status":"closed","sticky":false,"template":"","format":"standard","meta":[],"categories":[11],"tags":[],"_links":{"self":[{"href":"https:\/\/finnmarksarkivene.no\/index.php?rest_route=\/wp\/v2\/posts\/8693"}],"collection":[{"href":"https:\/\/finnmarksarkivene.no\/index.php?rest_route=\/wp\/v2\/posts"}],"about":[{"href":"https:\/\/finnmarksarkivene.no\/index.php?rest_route=\/wp\/v2\/types\/post"}],"author":[{"embeddable":true,"href":"https:\/\/finnmarksarkivene.no\/index.php?rest_route=\/wp\/v2\/users\/1"}],"replies":[{"embeddable":true,"href":"https:\/\/finnmarksarkivene.no\/index.php?rest_route=%2Fwp%2Fv2%2Fcomments&post=8693"}],"version-history":[{"count":3,"href":"https:\/\/finnmarksarkivene.no\/index.php?rest_route=\/wp\/v2\/posts\/8693\/revisions"}],"predecessor-version":[{"id":8696,"href":"https:\/\/finnmarksarkivene.no\/index.php?rest_route=\/wp\/v2\/posts\/8693\/revisions\/8696"}],"wp:featuredmedia":[{"embeddable":true,"href":"https:\/\/finnmarksarkivene.no\/index.php?rest_route=\/wp\/v2\/media\/8683"}],"wp:attachment":[{"href":"https:\/\/finnmarksarkivene.no\/index.php?rest_route=%2Fwp%2Fv2%2Fmedia&parent=8693"}],"wp:term":[{"taxonomy":"category","embeddable":true,"href":"https:\/\/finnmarksarkivene.no\/index.php?rest_route=%2Fwp%2Fv2%2Fcategories&post=8693"},{"taxonomy":"post_tag","embeddable":true,"href":"https:\/\/finnmarksarkivene.no\/index.php?rest_route=%2Fwp%2Fv2%2Ftags&post=8693"}],"curies":[{"name":"wp","href":"https:\/\/api.w.org\/{rel}","templated":true}]}}