{"id":8780,"date":"2022-03-28T05:58:07","date_gmt":"2022-03-28T05:58:07","guid":{"rendered":"http:\/\/finnmarksarkivene.no\/?p=8780"},"modified":"2022-03-28T18:09:00","modified_gmt":"2022-03-28T18:09:00","slug":"nominasjon-til-norges-dokumentarv","status":"publish","type":"post","link":"https:\/\/finnmarksarkivene.no\/?p=8780","title":{"rendered":"Nominasjon til Norges dokumentarv"},"content":{"rendered":"\n<p><strong>Den norske komite\u00e9n for verdens dokumentarv \u00e5pner n\u00e5 for en ny nominasjonsrunde. Frem til 10. juni kan du nominere dokument, fotografi, manuskript, arkiv, foto, film og lyd som handler om hverdagsliv.<\/strong><\/p>\n\n\n\n<!--more-->\n\n\n\n<p>Norges dokumentarv er den norske delen av UNESCOs Memory of the World-register. Norges dokumentarv skal synliggj\u00f8re kulturarv i Norge.<\/p>\n\n\n\n<p>Les mer om nominasjonsprosessen Kulturr\u00e5dets nettsider.<br><a rel=\"noreferrer noopener\" href=\"https:\/\/www.kulturradet.no\/norges-dokumentarv\" data-type=\"URL\" data-id=\"https:\/\/www.kulturradet.no\/norges-dokumentarv\" target=\"_blank\">Norges dokumentarv &#8211; kulturradet.no<\/a><\/p>\n\n\n\n<p>Her kan du se register over tidligere nominasjoner<br><a href=\"http:\/\/kulturradet.no\/norges-dokumentarv\" data-type=\"URL\" data-id=\"http:\/\/kulturradet.no\/norges-dokumentarv\" target=\"_blank\" rel=\"noreferrer noopener\">Kulturr\u00e5det sine nettsider<\/a><\/p>\n\n\n\n<p>Norges dokumentarv p\u00e5 Facebook.<br><a href=\"http:\/\/www.facebook.com\/dokumentarv\" data-type=\"URL\" data-id=\"http:\/\/www.facebook.com\/dokumentarv\" target=\"_blank\" rel=\"noreferrer noopener\">Norges dokumentarv p\u00e5 facebook<\/a><\/p>\n\n\n\n<p><a href=\"\/\/www.kulturradet.no\/vis-mowartikkel\/-\/den-norske-komiteen-for-verdas-dokumentarv\" data-type=\"URL\" data-id=\"ttps:\/\/www.kulturradet.no\/vis-mowartikkel\/-\/den-norske-komiteen-for-verdas-dokumentarv\" target=\"_blank\" rel=\"noreferrer noopener\">Medlemmer for komite\u00e9n finner du her:<\/a><\/p>\n\n\n\n<figure class=\"wp-block-image size-large\"><a href=\"https:\/\/finnmarksarkivene.no\/wp-content\/uploads\/2022\/03\/Kvensk-dokument.jpg\"><img loading=\"lazy\" width=\"665\" height=\"1024\" src=\"https:\/\/finnmarksarkivene.no\/wp-content\/uploads\/2022\/03\/Kvensk-dokument-665x1024.jpg\" alt=\"\" class=\"wp-image-8781\" srcset=\"https:\/\/finnmarksarkivene.no\/wp-content\/uploads\/2022\/03\/Kvensk-dokument-665x1024.jpg 665w, https:\/\/finnmarksarkivene.no\/wp-content\/uploads\/2022\/03\/Kvensk-dokument-195x300.jpg 195w, https:\/\/finnmarksarkivene.no\/wp-content\/uploads\/2022\/03\/Kvensk-dokument.jpg 768w\" sizes=\"(max-width: 665px) 100vw, 665px\" \/><\/a><figcaption>Kvenske dokumentene fra Kistrand kommunearkiv 1845-1914 ble tatt inn som en del av Norges dokumentarv i 2012. Her er klage til Ligningskommisjonen 1898. Arkivet oppbevares ved Statsarkivet i Troms\u00f8.<\/figcaption><\/figure>\n\n\n\n<p><\/p>\n","protected":false},"excerpt":{"rendered":"Den norske komite\u00e9n for verdens dokumentarv \u00e5pner n\u00e5 for en ny nominasjonsrunde. Frem til 10. juni kan du nominere dokument, fotografi, manuskript, arkiv, foto, film og lyd som handler om hverdagsliv.","protected":false},"author":1,"featured_media":8781,"comment_status":"closed","ping_status":"closed","sticky":false,"template":"","format":"standard","meta":[],"categories":[11],"tags":[],"_links":{"self":[{"href":"https:\/\/finnmarksarkivene.no\/index.php?rest_route=\/wp\/v2\/posts\/8780"}],"collection":[{"href":"https:\/\/finnmarksarkivene.no\/index.php?rest_route=\/wp\/v2\/posts"}],"about":[{"href":"https:\/\/finnmarksarkivene.no\/index.php?rest_route=\/wp\/v2\/types\/post"}],"author":[{"embeddable":true,"href":"https:\/\/finnmarksarkivene.no\/index.php?rest_route=\/wp\/v2\/users\/1"}],"replies":[{"embeddable":true,"href":"https:\/\/finnmarksarkivene.no\/index.php?rest_route=%2Fwp%2Fv2%2Fcomments&post=8780"}],"version-history":[{"count":4,"href":"https:\/\/finnmarksarkivene.no\/index.php?rest_route=\/wp\/v2\/posts\/8780\/revisions"}],"predecessor-version":[{"id":8788,"href":"https:\/\/finnmarksarkivene.no\/index.php?rest_route=\/wp\/v2\/posts\/8780\/revisions\/8788"}],"wp:featuredmedia":[{"embeddable":true,"href":"https:\/\/finnmarksarkivene.no\/index.php?rest_route=\/wp\/v2\/media\/8781"}],"wp:attachment":[{"href":"https:\/\/finnmarksarkivene.no\/index.php?rest_route=%2Fwp%2Fv2%2Fmedia&parent=8780"}],"wp:term":[{"taxonomy":"category","embeddable":true,"href":"https:\/\/finnmarksarkivene.no\/index.php?rest_route=%2Fwp%2Fv2%2Fcategories&post=8780"},{"taxonomy":"post_tag","embeddable":true,"href":"https:\/\/finnmarksarkivene.no\/index.php?rest_route=%2Fwp%2Fv2%2Ftags&post=8780"}],"curies":[{"name":"wp","href":"https:\/\/api.w.org\/{rel}","templated":true}]}}