{"id":8798,"date":"2022-05-19T08:17:29","date_gmt":"2022-05-19T08:17:29","guid":{"rendered":"http:\/\/finnmarksarkivene.no\/?p=8798"},"modified":"2022-05-19T09:58:37","modified_gmt":"2022-05-19T09:58:37","slug":"om-laererfangene-i-grenselandmuseets-arkiv","status":"publish","type":"post","link":"https:\/\/finnmarksarkivene.no\/?p=8798","title":{"rendered":"L\u00e6rerfangene i Grenselandmuseets arkiv"},"content":{"rendered":"\n<p><strong>For 80 \u00e5r siden ankom 636 l\u00e6rere Kirkenes for tvangsarbeid etter \u00e5 ha nektet \u00e5 undervise nazi-l\u00e6re i skolen. Grenselandmuseet har funnet en liten dagbok som er uten permer og har tettskrevne sider. Disse sidene skildrer reisen og fangeoppholdet en av l\u00e6rerfangene hadde fra mars til november 1942.<\/strong><\/p>\n\n\n\n<!--more-->\n\n\n\n<p>Varangerarkiver skriver p\u00e5 sin Facebook f\u00f8lgende:<\/p>\n\n\n\n<p>L\u00e6rer Kristen Opjordsmoen (1903-1961) fra Oppland, ble arrestert 20. mars 1942 og kom med fangeskipet D\/S Skjerstad til Kirkenes 29. april.<\/p>\n\n\n\n<p>Opjordsmoen skrev dagbok under hele fangeoppholdet og ved \u00e5 lese dagboka f\u00e5r vi et innblikk i fangenes hverdag, b\u00e5de p\u00e5 skipet, p\u00e5 tvangsarbeidet og i fangeleiren.<\/p>\n\n\n\n<p>Utdrag fra dagboka ved ankomst Kirkenes:<\/p>\n\n\n\n<blockquote class=\"wp-block-quote\"><p>&#8220;Onsdag 29. Kl. 1\/2 3 om natta ble vi vekket. Vi fikk litt suppe, s\u00e5n omtrent 1 kaffekopp. Br\u00f8det mitt minket derfor faretruende. En flyalarm avbr\u00f8t opbruddet i en 5 min. Kl. 1\/4 6 startet vi. Det var rart \u00e5 ha fast grunn under f\u00f8ttene. De som hadde spesielt tunge kufferter fikk dem kj\u00f8rt. Kl. 1\/4 over 8 var vi fremme. P\u00e5 veien var det stor trafikk. Vi fikk fikk en bra brakke, litt skitten, men langt bedre rum enn p\u00e5 J\u00f8rstadmoen. 18 mann p\u00e5 rummet. Det var like ved Elvenes eksersisplass. Det er s\u00f8lete, men i grunnen en fredelig mottagelse. Kl. 1\/2 12 fikk vi litt svart kaffe. Br\u00f8det minket faretruende. Et m\u00e5l har jeg igjen, og f\u00e5r ikke noe f\u00f8r i morgen kveld. Vi gikk igang med rydding og oppredning av senger. Gulvet vasket vi og innrettet os s\u00e5 koselig som mulig. Her ser det ut til at det muligens kan bli arbeide. Etter 17 d\u00f8gn p\u00e5 Skjerstad i de trange omgivelser, f\u00f8ltes det som en lettelse \u00e5 f\u00e5 fast grunn under bena igjen. Det var oppstilling kl. 2. Her ble det opplyst at vi skulle f\u00e5 ha ettermiddagen til v\u00e5r r\u00e5dighet. Kl. 1\/2 8 om kvelden fikk vi 3\/4 liter god varm risengrynsvelling med gulr\u00f8tter og poteter. Det smakte utmerket, men er langt p\u00e5 vei mett. det er rart \u00e5 legge seg o, kvelden i solskinn. Fremdeles er det s\u00e5 kaldt at jeg m\u00e5 ligge i kl\u00e6rne. De har for\u00f8vrig ikke v\u00e6rt av meg siste snart 6 ukene. Ja, i morgen fredag er det 6 uker.&#8221;<\/p><\/blockquote>\n\n\n\n<figure class=\"wp-block-image size-full is-style-default\"><a href=\"https:\/\/finnmarksarkivene.no\/wp-content\/uploads\/2022\/05\/Laererfangene-foto-Grenselandsmuseet.jpg\"><img loading=\"lazy\" width=\"980\" height=\"714\" src=\"https:\/\/finnmarksarkivene.no\/wp-content\/uploads\/2022\/05\/Laererfangene-foto-Grenselandsmuseet.jpg\" alt=\"\" class=\"wp-image-8800\" srcset=\"https:\/\/finnmarksarkivene.no\/wp-content\/uploads\/2022\/05\/Laererfangene-foto-Grenselandsmuseet.jpg 980w, https:\/\/finnmarksarkivene.no\/wp-content\/uploads\/2022\/05\/Laererfangene-foto-Grenselandsmuseet-300x219.jpg 300w, https:\/\/finnmarksarkivene.no\/wp-content\/uploads\/2022\/05\/Laererfangene-foto-Grenselandsmuseet-768x560.jpg 768w\" sizes=\"(max-width: 980px) 100vw, 980px\" \/><\/a><figcaption>L\u00e6rerfangene i Kirkenes, oktober 1942. Foto: Varanger museum, avd. S\u00f8r-Varanger<\/figcaption><\/figure>\n\n\n\n<p>Museet har nylig markert hendelsen med en utstilling om l\u00e6rerfangene og livet i fangenskapet i S\u00f8r-Varanger. &nbsp;<\/p>\n","protected":false},"excerpt":{"rendered":"For 80 \u00e5r siden ankom 636 l\u00e6rere Kirkenes for tvangsarbeid etter \u00e5 ha nektet \u00e5 undervise nazi-l\u00e6re i skolen. Grenselandmuseet har funnet en liten dagbok som er uten permer og har tettskrevne sider. Disse sidene skildrer reisen og fangeoppholdet en av l\u00e6rerfangene hadde fra mars til november 1942.","protected":false},"author":1,"featured_media":8799,"comment_status":"closed","ping_status":"closed","sticky":false,"template":"","format":"standard","meta":[],"categories":[11],"tags":[],"_links":{"self":[{"href":"https:\/\/finnmarksarkivene.no\/index.php?rest_route=\/wp\/v2\/posts\/8798"}],"collection":[{"href":"https:\/\/finnmarksarkivene.no\/index.php?rest_route=\/wp\/v2\/posts"}],"about":[{"href":"https:\/\/finnmarksarkivene.no\/index.php?rest_route=\/wp\/v2\/types\/post"}],"author":[{"embeddable":true,"href":"https:\/\/finnmarksarkivene.no\/index.php?rest_route=\/wp\/v2\/users\/1"}],"replies":[{"embeddable":true,"href":"https:\/\/finnmarksarkivene.no\/index.php?rest_route=%2Fwp%2Fv2%2Fcomments&post=8798"}],"version-history":[{"count":5,"href":"https:\/\/finnmarksarkivene.no\/index.php?rest_route=\/wp\/v2\/posts\/8798\/revisions"}],"predecessor-version":[{"id":8807,"href":"https:\/\/finnmarksarkivene.no\/index.php?rest_route=\/wp\/v2\/posts\/8798\/revisions\/8807"}],"wp:featuredmedia":[{"embeddable":true,"href":"https:\/\/finnmarksarkivene.no\/index.php?rest_route=\/wp\/v2\/media\/8799"}],"wp:attachment":[{"href":"https:\/\/finnmarksarkivene.no\/index.php?rest_route=%2Fwp%2Fv2%2Fmedia&parent=8798"}],"wp:term":[{"taxonomy":"category","embeddable":true,"href":"https:\/\/finnmarksarkivene.no\/index.php?rest_route=%2Fwp%2Fv2%2Fcategories&post=8798"},{"taxonomy":"post_tag","embeddable":true,"href":"https:\/\/finnmarksarkivene.no\/index.php?rest_route=%2Fwp%2Fv2%2Ftags&post=8798"}],"curies":[{"name":"wp","href":"https:\/\/api.w.org\/{rel}","templated":true}]}}