{"id":8851,"date":"2022-09-05T10:53:50","date_gmt":"2022-09-05T10:53:50","guid":{"rendered":"http:\/\/finnmarksarkivene.no\/?p=8851"},"modified":"2022-09-13T05:23:23","modified_gmt":"2022-09-13T05:23:23","slug":"lasse-valkeapaa-skal-lede-privatarkivpiloten-digitalt-verksted-finnmark","status":"publish","type":"post","link":"https:\/\/finnmarksarkivene.no\/?p=8851","title":{"rendered":"Lasse Valkeap\u00e4\u00e4 skal lede privatarkivpiloten Digitalt Verksted Finnmark"},"content":{"rendered":"\n<p><strong>Finnmarksarkivenes samarbeidsprosjekt Digitalt Verksted Finnmark startet opp 1. september. Med Arkivverkets utviklingsmidler er Lasse Andreas Kvermo Valkeap\u00e4\u00e4 ansatt som prosjektleder i 10 m\u00e5neder.<\/strong><\/p>\n\n\n\n<!--more-->\n\n\n\n<p>I prosjektet, som er det f\u00f8rste steg mot utvikling av et felles depot for digitalt skapte privatarkiver i Finnmark, er Lasse  sin oppgave \u00e5 finne metode og verkt\u00f8y for sikring, mottaking og tilrettelegging av digitale arkiver slik at de p\u00e5 sikt kan langtidslagres og bli tilgjengelig p\u00e5 Digitalarkivet.<\/p>\n\n\n\n<p>Lasse har bachelor i historie fra UiT Norges arktiske universitet. Han har vokst opp hovedsaklig i Kautokeino, og har familiebakgrunn fra b\u00e5de finsk og norsk side av S\u00e1pmi. Hans spr\u00e5kkunnskaper i samisk, finsk og norsk kommer til \u00e5 ha stor nytte for prosjektet, siden piloten avgrenses til utvalgte samiske og kvenske bedrifts- og organisasjonsarkiver. <\/p>\n\n\n\n<p>Innfallsvinkelen i prosjektet kan skape nye utfordringer i bevaring av digitale urfolks- og minoritetsarkiver, blant annet i forhold til registrering av metadata p\u00e5 samisk og kvensk, alts\u00e5 registrering av enkeltopplysninger som samlet beskriver arkivet. Piloten kan munne ut til en modell for resten av landet for nettopp sikring av urfolks- og minoritetsarkiver som er skapt digitalt.<\/p>\n\n\n\n<p>Lasse skal ogs\u00e5 kartlegge hvor mye og hvilke type digitalt skapte privatarkiver som allerede finnes bevart i museene, arkivinstitusjonene og bibliotekene i Finnmark. Disse kan v\u00e6re m\u00f8teprotokoller, saksdokumenter, korrespondanse osv. fra foreninger og bedrifter som er elektronisk og avlevert for eksempel p\u00e5 minnepenn eller gjennom e-post til institusjoner.<\/p>\n\n\n\n<p>Pilotprosjektet gjennomf\u00f8res gjennom Samisk arkiv som skal utvikles til en slik regional depot. Grunnen til dette er at Samisk arkiv, som er en del av Arkivverket, har n\u00f8dvendig kompetanse p\u00e5 digital bevaring og vil v\u00e6re en viktig faglig ressurs under prosjektet. Dessuten har Samisk arkiv et sterkt tverrfaglig kompetansemilj\u00f8 gjennom Samisk h\u00f8gskole. Urfolks- og minoritetsperspektiv er viktig, og Samisk arkiv er en nasjonal ansvarsinstitusjon for samiske arkiver.<\/p>\n\n\n\n<figure class=\"wp-block-image size-large is-style-default\"><a href=\"https:\/\/finnmarksarkivene.no\/wp-content\/uploads\/2022\/09\/Lasse-Valkeapaa.jpg\"><img loading=\"lazy\" width=\"1024\" height=\"576\" src=\"https:\/\/finnmarksarkivene.no\/wp-content\/uploads\/2022\/09\/Lasse-Valkeapaa-1024x576.jpg\" alt=\"\" class=\"wp-image-8852\" srcset=\"https:\/\/finnmarksarkivene.no\/wp-content\/uploads\/2022\/09\/Lasse-Valkeapaa-1024x576.jpg 1024w, https:\/\/finnmarksarkivene.no\/wp-content\/uploads\/2022\/09\/Lasse-Valkeapaa-300x169.jpg 300w, https:\/\/finnmarksarkivene.no\/wp-content\/uploads\/2022\/09\/Lasse-Valkeapaa-768x432.jpg 768w, https:\/\/finnmarksarkivene.no\/wp-content\/uploads\/2022\/09\/Lasse-Valkeapaa.jpg 1280w\" sizes=\"(max-width: 1024px) 100vw, 1024px\" \/><\/a><figcaption>Lasse Andreas Kvernmo Valkeap\u00e4\u00e4 er ansatt som prosjektleder for Finnmarksarkivenes pilotprosjekt, Digitalt Verksted Finnmark. <\/figcaption><\/figure>\n","protected":false},"excerpt":{"rendered":"Finnmarksarkivenes samarbeidsprosjekt Digitalt Verksted Finnmark startet opp 1. september. Med Arkivverkets utviklingsmidler er Lasse Andreas Kvermo Valkeap\u00e4\u00e4 ansatt som prosjektleder i 10 m\u00e5neder.","protected":false},"author":1,"featured_media":8852,"comment_status":"closed","ping_status":"closed","sticky":false,"template":"","format":"standard","meta":[],"categories":[471,11],"tags":[],"_links":{"self":[{"href":"https:\/\/finnmarksarkivene.no\/index.php?rest_route=\/wp\/v2\/posts\/8851"}],"collection":[{"href":"https:\/\/finnmarksarkivene.no\/index.php?rest_route=\/wp\/v2\/posts"}],"about":[{"href":"https:\/\/finnmarksarkivene.no\/index.php?rest_route=\/wp\/v2\/types\/post"}],"author":[{"embeddable":true,"href":"https:\/\/finnmarksarkivene.no\/index.php?rest_route=\/wp\/v2\/users\/1"}],"replies":[{"embeddable":true,"href":"https:\/\/finnmarksarkivene.no\/index.php?rest_route=%2Fwp%2Fv2%2Fcomments&post=8851"}],"version-history":[{"count":7,"href":"https:\/\/finnmarksarkivene.no\/index.php?rest_route=\/wp\/v2\/posts\/8851\/revisions"}],"predecessor-version":[{"id":8864,"href":"https:\/\/finnmarksarkivene.no\/index.php?rest_route=\/wp\/v2\/posts\/8851\/revisions\/8864"}],"wp:featuredmedia":[{"embeddable":true,"href":"https:\/\/finnmarksarkivene.no\/index.php?rest_route=\/wp\/v2\/media\/8852"}],"wp:attachment":[{"href":"https:\/\/finnmarksarkivene.no\/index.php?rest_route=%2Fwp%2Fv2%2Fmedia&parent=8851"}],"wp:term":[{"taxonomy":"category","embeddable":true,"href":"https:\/\/finnmarksarkivene.no\/index.php?rest_route=%2Fwp%2Fv2%2Fcategories&post=8851"},{"taxonomy":"post_tag","embeddable":true,"href":"https:\/\/finnmarksarkivene.no\/index.php?rest_route=%2Fwp%2Fv2%2Ftags&post=8851"}],"curies":[{"name":"wp","href":"https:\/\/api.w.org\/{rel}","templated":true}]}}