{"id":8862,"date":"2022-09-13T05:20:11","date_gmt":"2022-09-13T05:20:11","guid":{"rendered":"http:\/\/finnmarksarkivene.no\/?p=8862"},"modified":"2022-09-13T05:24:23","modified_gmt":"2022-09-13T05:24:23","slug":"lasse-valkeapaa-galga-jodihit-privahtaarkiivaproseavtta-finnmarkku-digitala-bargobadji","status":"publish","type":"post","link":"https:\/\/finnmarksarkivene.no\/?p=8862","title":{"rendered":"Lasse Valkeap\u00e4\u00e4 galg\u00e1 jo\u0111ihit priv\u00e1htaarkiivapro\u0161eavtta Finnm\u00e1rkku Digit\u00e1la Bargob\u00e1dji"},"content":{"rendered":"\n<p><strong>Finnm\u00e1rku-arkiivvaid ovttasbargopro\u0161eakta Finnm\u00e1rkku Digit\u00e1la Bargob\u00e1dji \u00e1lggahuvvui \u010dak\u010dam\u00e1nu 1.beaivve. Arkiivadoaimmahat lea juolludan ru\u0111a virg\u00e1dit Lasse Andreas Kvernmo Valkeap\u00e4\u00e4 pro\u0161eaktajo\u0111iheaddjin logi m\u00e1nnui.<\/strong><\/p>\n\n\n\n<!--more-->\n\n\n\n<p>Pro\u0161eavtta v\u00e1ldoulbmil lea ovddidit oktasa\u0161b\u00e1lvalusa vuost\u00e1iv\u00e1ldit, vurket ja almmuhit digit\u00e1la priv\u00e1htaarkiivvaid Finnm\u00e1rkkus, ja L\u00e1sse bargun \u0161add\u00e1 ohcat ja geah\u010d\u010daladdat&nbsp; dihtorprogr\u00e1mmaid maid s\u00e1htt\u00e1 geavahit go digit\u00e1la priv\u00e1htaarkiivvaid galg\u00e1 vurket, vuost\u00e1iv\u00e1ldit ja almmuhit Digit\u00e1laarkiivvas. &nbsp;&nbsp;<\/p>\n\n\n\n<p>L\u00e1sse lea \u010da\u0111ahan bachelor gr\u00e1da historjj\u00e1s Norgga \u00e1rktala\u0161 universitehtas, UiT. Son lea baj\u00e1s\u0161addan Guovdageainnus, ja sus lea beara\u0161duog\u00e1\u0161 sihke suoma ja norgga beal S\u00e1mis. Son m\u00e1htt\u00e1 s\u00e1megiela, suomagiela ja d\u00e1rogiela, mii lea stuora \u00e1vkin pro\u0161ektii, danne go pro\u0161eakta lea r\u00e1ddjejuvvon s\u00e1mi ja kvena fitnodat- ja organisa\u0161uvdnaarkiivvaide.&nbsp;<\/p>\n\n\n\n<p>Dat ie\u0161alddis s\u00e1htt\u00e1 mielddisbuktit ahte o\u0111\u0111a h\u00e1stalusat bohciidit go eami\u00e1lbmot- ja minoritehtaarkiivvaid galg\u00e1 seailluhit, earret ear\u00e1 s\u00e1mi ja kvena guoskeva\u0161 die\u0111uid registrerenbarggus. Pro\u0161eaktabohtosiid s\u00e1httet maid ear\u00e1t geavahit geat vurkejit ja \u00e1immahu\u0161\u0161et eami\u00e1lbmot- ja minoritehtaarkiivvaid.&nbsp; &nbsp;<\/p>\n\n\n\n<p>L\u00e1sse galg\u00e1 maid \u010dohkket die\u0111uid man ollu ja makk\u00e1r digit\u00e1la priv\u00e1htaarkiivvat g\u00e1vdnojit juo museain, arkiiva\u00e1sahusain ja girjer\u00e1djosiin Finnm\u00e1rkkus. Dat s\u00e1httet leat elektronala\u0161 \u010doahkkinbeavdegirjjit, \u00e1\u0161\u0161eb\u00e1hpirat, reivvet jna. servviin ja fitnodagain maid olbmot leat add\u00e1n \u00e1sahusaide ovdamearkka dihte muitos\u00e1kki dahje e-poastta bokte.<\/p>\n\n\n\n<p>S\u00e1mi arkiiva mii galg\u00e1 doaibmat region\u00e1la vuork\u00e1n, galg\u00e1 \u010da\u0111ahit d\u00e1n pilohtapro\u0161eavtta. Dat lea lunddola\u0161 dan sivas go S\u00e1mi arkiivvas, mii lea oassin Arkiivadoaimmahagas, lea d\u00e1rbba\u0161la\u0161 gelbbola\u0161vuohta ja f\u00e1gam\u00e1htu digit\u00e1la seailluheamis ja vurkemis, mii pro\u0161eaktabargui lea deh\u00e1la\u0161. Dasa lassin lea S\u00e1mi arkiivvas vejola\u0161vuohta geavahit f\u00e1gaidgaskasa\u0161 gealbobirrasa S\u00e1mi allaskuvllas. Eami\u00e1lbmot- ja minoritehtaperspektiiva lea deh\u00e1la\u0161, ja S\u00e1mi arkiiva lea na\u0161uvnnala\u0161 \u00e1sahus mas lea ovddasv\u00e1st\u00e1dus seailluhit s\u00e1mi arkiivvaid. &nbsp;&nbsp;&nbsp;<\/p>\n\n\n\n<figure class=\"wp-block-image size-large is-resized is-style-default\"><a href=\"https:\/\/finnmarksarkivene.no\/wp-content\/uploads\/2022\/09\/Lasse-Valkeapaa.jpg\"><img loading=\"lazy\" src=\"https:\/\/finnmarksarkivene.no\/wp-content\/uploads\/2022\/09\/Lasse-Valkeapaa-1024x576.jpg\" alt=\"\" class=\"wp-image-8852\" width=\"840\" height=\"472\" srcset=\"https:\/\/finnmarksarkivene.no\/wp-content\/uploads\/2022\/09\/Lasse-Valkeapaa-1024x576.jpg 1024w, https:\/\/finnmarksarkivene.no\/wp-content\/uploads\/2022\/09\/Lasse-Valkeapaa-300x169.jpg 300w, https:\/\/finnmarksarkivene.no\/wp-content\/uploads\/2022\/09\/Lasse-Valkeapaa-768x432.jpg 768w, https:\/\/finnmarksarkivene.no\/wp-content\/uploads\/2022\/09\/Lasse-Valkeapaa.jpg 1280w\" sizes=\"(max-width: 840px) 100vw, 840px\" \/><\/a><figcaption>Govva: Lasse Andreas Kvernmo Valkeap\u00e4\u00e4 lea virg\u00e1duvvon pro\u0161eaktajo\u0111iheaddjin Finnm\u00e1rku-arkiivvaid pilohtapro\u0161ektii, Finnm\u00e1rkku Digit\u00e1la Bargob\u00e1dji.<\/figcaption><\/figure>\n\n\n\n<p><\/p>\n","protected":false},"excerpt":{"rendered":"Finnm\u00e1rku-arkiivvaid ovttasbargopro\u0161eakta Finnm\u00e1rkku Digit\u00e1la Bargob\u00e1dji \u00e1lggahuvvui \u010dak\u010dam\u00e1nu 1.beaivve. Arkiivadoaimmahat lea juolludan ru\u0111a virg\u00e1dit Lasse Andreas Kvernmo Valkeap\u00e4\u00e4 pro\u0161eaktajo\u0111iheaddjin logi m\u00e1nnui.","protected":false},"author":1,"featured_media":8852,"comment_status":"closed","ping_status":"closed","sticky":false,"template":"","format":"standard","meta":[],"categories":[11,4],"tags":[],"_links":{"self":[{"href":"https:\/\/finnmarksarkivene.no\/index.php?rest_route=\/wp\/v2\/posts\/8862"}],"collection":[{"href":"https:\/\/finnmarksarkivene.no\/index.php?rest_route=\/wp\/v2\/posts"}],"about":[{"href":"https:\/\/finnmarksarkivene.no\/index.php?rest_route=\/wp\/v2\/types\/post"}],"author":[{"embeddable":true,"href":"https:\/\/finnmarksarkivene.no\/index.php?rest_route=\/wp\/v2\/users\/1"}],"replies":[{"embeddable":true,"href":"https:\/\/finnmarksarkivene.no\/index.php?rest_route=%2Fwp%2Fv2%2Fcomments&post=8862"}],"version-history":[{"count":2,"href":"https:\/\/finnmarksarkivene.no\/index.php?rest_route=\/wp\/v2\/posts\/8862\/revisions"}],"predecessor-version":[{"id":8866,"href":"https:\/\/finnmarksarkivene.no\/index.php?rest_route=\/wp\/v2\/posts\/8862\/revisions\/8866"}],"wp:featuredmedia":[{"embeddable":true,"href":"https:\/\/finnmarksarkivene.no\/index.php?rest_route=\/wp\/v2\/media\/8852"}],"wp:attachment":[{"href":"https:\/\/finnmarksarkivene.no\/index.php?rest_route=%2Fwp%2Fv2%2Fmedia&parent=8862"}],"wp:term":[{"taxonomy":"category","embeddable":true,"href":"https:\/\/finnmarksarkivene.no\/index.php?rest_route=%2Fwp%2Fv2%2Fcategories&post=8862"},{"taxonomy":"post_tag","embeddable":true,"href":"https:\/\/finnmarksarkivene.no\/index.php?rest_route=%2Fwp%2Fv2%2Ftags&post=8862"}],"curies":[{"name":"wp","href":"https:\/\/api.w.org\/{rel}","templated":true}]}}